{"id":21303,"date":"2022-02-20T02:34:42","date_gmt":"2022-02-20T01:34:42","guid":{"rendered":"http:\/\/www.associationdemarie.org\/blog\/?p=21303"},"modified":"2022-01-30T20:37:44","modified_gmt":"2022-01-30T19:37:44","slug":"par-amour-de-votre-misericorde","status":"publish","type":"post","link":"https:\/\/www.associationdemarie.org\/blog\/par-amour-de-votre-misericorde\/","title":{"rendered":"Par amour de votre mis\u00e9ricorde !"},"content":{"rendered":"<p><img loading=\"lazy\" decoding=\"async\" class=\"aligncenter  wp-image-21304\" src=\"https:\/\/www.associationdemarie.org\/blog\/wp-content\/uploads\/2022\/01\/20-02.jpg\" alt=\"\" width=\"389\" height=\"492\" srcset=\"https:\/\/www.associationdemarie.org\/blog\/wp-content\/uploads\/2022\/01\/20-02.jpg 450w, https:\/\/www.associationdemarie.org\/blog\/wp-content\/uploads\/2022\/01\/20-02-237x300.jpg 237w\" sizes=\"auto, (max-width: 389px) 100vw, 389px\" \/><\/p>\n<p>\u00d4 \u00e9ternelle mis\u00e9ricorde, qui couvrez les fautes de vos cr\u00e9atures ! Je ne m&rsquo;\u00e9tonne donc plus que vous disiez de ceux qui sortent du p\u00e9ch\u00e9 mortel pour faire retour \u00e0 vous : Moi, je ne me souviens plus que vous m&rsquo;ayez jamais offens\u00e9 ! \u00d4 Mis\u00e9ricorde ineffable, non je ne m&rsquo;\u00e9tonne plus que vous disiez cela \u00e0 ceux qui sortent du p\u00e9ch\u00e9, quand je vous entends dire de ceux qui vous pers\u00e9cutent : Je veux que vous me priiez pour eux afin que je leur fasse mis\u00e9ricorde. (\u2026)<\/p>\n<p>Votre mis\u00e9ricorde donne la vie, et elle donne la lumi\u00e8re qui nous fait conna\u00eetre votre cl\u00e9mence pour toute cr\u00e9ature, pour les justes et pour les p\u00e9cheurs. Au plus haut des cieux, votre mis\u00e9ricorde \u00e9clate dans vos saints. Si je regarde la terre, votre mis\u00e9ricorde y abonde. Dans les t\u00e9n\u00e8bres de l&rsquo;enfer, votre mis\u00e9ricorde luit encore, en n&rsquo;infligeant pas aux damn\u00e9s un supplice aussi grand que leurs fautes. Votre mis\u00e9ricorde fait plus douce votre justice ! C&rsquo;est par mis\u00e9ricorde que vous nous avez lav\u00e9s dans le sang, par mis\u00e9ricorde que vous avez voulu converser avec vos cr\u00e9atures. (\u2026)<\/p>\n<p>\u00d4 Mis\u00e9ricorde ! Mon c\u0153ur devient tout feu \u00e0 penser \u00e0 vous ! De quelque c\u00f4t\u00e9 que mon esprit se tourne et se retourne, je ne trouve que mis\u00e9ricorde ! \u00d4 P\u00e8re \u00e9ternel, pardonnez \u00e0 mon ignorance, si je suis assez pr\u00e9somptueuse pour parler devant vous ! L&rsquo;amour de votre mis\u00e9ricorde me sera une excuse devant votre Bont\u00e9.<\/p>\n<h3 class=\"GospelCommentaryAuthor-name commentary-author font-2\">Sainte Catherine de Sienne (1347-1380)<\/h3>\n<p>&nbsp;<\/p>\n<p>&nbsp;<\/p>\n","protected":false},"excerpt":{"rendered":"<p>\u00d4 \u00e9ternelle mis\u00e9ricorde, qui couvrez les fautes de vos cr\u00e9atures ! Je ne m&rsquo;\u00e9tonne donc plus que vous disiez de ceux qui sortent du p\u00e9ch\u00e9 mortel pour faire retour \u00e0 vous : Moi, je ne me souviens plus que vous m&rsquo;ayez jamais offens\u00e9 ! \u00d4 Mis\u00e9ricorde ineffable, non je ne m&rsquo;\u00e9tonne plus que vous disiez [&hellip;]<\/p>\n","protected":false},"author":2,"featured_media":0,"comment_status":"closed","ping_status":"closed","sticky":false,"template":"","format":"standard","meta":{"footnotes":""},"categories":[26],"tags":[678,1089],"class_list":["post-21303","post","type-post","status-publish","format-standard","hentry","category-priere-des-ames","tag-misericorde","tag-ste-catherine-de-sienne"],"_links":{"self":[{"href":"https:\/\/www.associationdemarie.org\/blog\/wp-json\/wp\/v2\/posts\/21303","targetHints":{"allow":["GET"]}}],"collection":[{"href":"https:\/\/www.associationdemarie.org\/blog\/wp-json\/wp\/v2\/posts"}],"about":[{"href":"https:\/\/www.associationdemarie.org\/blog\/wp-json\/wp\/v2\/types\/post"}],"author":[{"embeddable":true,"href":"https:\/\/www.associationdemarie.org\/blog\/wp-json\/wp\/v2\/users\/2"}],"replies":[{"embeddable":true,"href":"https:\/\/www.associationdemarie.org\/blog\/wp-json\/wp\/v2\/comments?post=21303"}],"version-history":[{"count":1,"href":"https:\/\/www.associationdemarie.org\/blog\/wp-json\/wp\/v2\/posts\/21303\/revisions"}],"predecessor-version":[{"id":21305,"href":"https:\/\/www.associationdemarie.org\/blog\/wp-json\/wp\/v2\/posts\/21303\/revisions\/21305"}],"wp:attachment":[{"href":"https:\/\/www.associationdemarie.org\/blog\/wp-json\/wp\/v2\/media?parent=21303"}],"wp:term":[{"taxonomy":"category","embeddable":true,"href":"https:\/\/www.associationdemarie.org\/blog\/wp-json\/wp\/v2\/categories?post=21303"},{"taxonomy":"post_tag","embeddable":true,"href":"https:\/\/www.associationdemarie.org\/blog\/wp-json\/wp\/v2\/tags?post=21303"}],"curies":[{"name":"wp","href":"https:\/\/api.w.org\/{rel}","templated":true}]}}