{"id":21226,"date":"2022-02-01T01:17:59","date_gmt":"2022-02-01T00:17:59","guid":{"rendered":"http:\/\/www.associationdemarie.org\/blog\/?p=21226"},"modified":"2022-01-11T08:21:44","modified_gmt":"2022-01-11T07:21:44","slug":"quest-ce-que-la-contemplation","status":"publish","type":"post","link":"https:\/\/www.associationdemarie.org\/blog\/quest-ce-que-la-contemplation\/","title":{"rendered":"Qu&rsquo;est-ce que la contemplation ?"},"content":{"rendered":"<p><img loading=\"lazy\" decoding=\"async\" class=\"aligncenter wp-image-21227\" src=\"https:\/\/www.associationdemarie.org\/blog\/wp-content\/uploads\/2022\/01\/1-02.jpg\" alt=\"\" width=\"442\" height=\"197\" srcset=\"https:\/\/www.associationdemarie.org\/blog\/wp-content\/uploads\/2022\/01\/1-02.jpg 2000w, https:\/\/www.associationdemarie.org\/blog\/wp-content\/uploads\/2022\/01\/1-02-300x134.jpg 300w, https:\/\/www.associationdemarie.org\/blog\/wp-content\/uploads\/2022\/01\/1-02-768x342.jpg 768w, https:\/\/www.associationdemarie.org\/blog\/wp-content\/uploads\/2022\/01\/1-02-1024x456.jpg 1024w\" sizes=\"auto, (max-width: 442px) 100vw, 442px\" \/><\/p>\n<p>Nous sommes appel\u00e9s \u00e0 aimer le monde. Et Dieu a tellement aim\u00e9 le monde qu&rsquo;il lui a donn\u00e9 J\u00e9sus (Jn 3,16). Aujourd&rsquo;hui, il aime tellement le monde qu&rsquo;il nous donne au monde, toi et moi, pour que nous soyons son amour, sa compassion et sa pr\u00e9sence par une vie de pri\u00e8re, de sacrifices, d&rsquo;abandon. La r\u00e9ponse que Dieu attend de toi est que tu deviennes contemplatif, que tu sois contemplatif.<\/p>\n<p>Prenons J\u00e9sus au mot, et soyons des contemplatifs au c\u0153ur du monde car, si nous avons la foi, nous sommes en sa pr\u00e9sence perp\u00e9tuelle. Par la contemplation, l&rsquo;\u00e2me puise directement dans le c\u0153ur de Dieu les gr\u00e2ces que la vie active a la charge de distribuer. Nos existences doivent \u00eatre li\u00e9es au Christ vivant qui est en nous. Si nous ne vivons pas en pr\u00e9sence de Dieu, nous ne pouvons pas pers\u00e9v\u00e9rer.<\/p>\n<p>Qu&rsquo;est-ce que la contemplation ? Vivre la vie de J\u00e9sus. C&rsquo;est ainsi que je la comprends. Aimer J\u00e9sus, vivre sa vie au sein de la n\u00f4tre, vivre la n\u00f4tre au sein de la sienne&#8230; La contemplation ne revient pas \u00e0 s&rsquo;enfermer dans un cabinet obscur, mais \u00e0 permettre \u00e0 J\u00e9sus de vivre sa Passion, son amour, son humilit\u00e9 en nous, de prier avec nous, d&rsquo;\u00eatre avec nous, et de sanctifier \u00e0 travers nous. Notre vie et notre contemplation sont une. Ce n&rsquo;est pas l\u00e0 une question de faire mais d&rsquo;\u00eatre. Il s&rsquo;agit en fait de la pleine jouissance de notre esprit par l&rsquo;Esprit Saint qui insuffle en nous la pl\u00e9nitude de Dieu et nous envoie dans toute la cr\u00e9ation comme son message personnel d&rsquo;amour (Mc 16,15).<\/p>\n<h3 class=\"GospelCommentaryAuthor-name commentary-author font-2\">Sainte Teresa de Calcutta (1910-1997)<\/h3>\n<p>&nbsp;<\/p>\n<p>&nbsp;<\/p>\n","protected":false},"excerpt":{"rendered":"<p>Nous sommes appel\u00e9s \u00e0 aimer le monde. Et Dieu a tellement aim\u00e9 le monde qu&rsquo;il lui a donn\u00e9 J\u00e9sus (Jn 3,16). Aujourd&rsquo;hui, il aime tellement le monde qu&rsquo;il nous donne au monde, toi et moi, pour que nous soyons son amour, sa compassion et sa pr\u00e9sence par une vie de pri\u00e8re, de sacrifices, d&rsquo;abandon. La [&hellip;]<\/p>\n","protected":false},"author":2,"featured_media":0,"comment_status":"closed","ping_status":"closed","sticky":false,"template":"","format":"standard","meta":{"footnotes":""},"categories":[13,1261],"tags":[1465],"class_list":["post-21226","post","type-post","status-publish","format-standard","hentry","category-ecritures","category-enseignement-2","tag-ste-therese-de-calcutta"],"_links":{"self":[{"href":"https:\/\/www.associationdemarie.org\/blog\/wp-json\/wp\/v2\/posts\/21226","targetHints":{"allow":["GET"]}}],"collection":[{"href":"https:\/\/www.associationdemarie.org\/blog\/wp-json\/wp\/v2\/posts"}],"about":[{"href":"https:\/\/www.associationdemarie.org\/blog\/wp-json\/wp\/v2\/types\/post"}],"author":[{"embeddable":true,"href":"https:\/\/www.associationdemarie.org\/blog\/wp-json\/wp\/v2\/users\/2"}],"replies":[{"embeddable":true,"href":"https:\/\/www.associationdemarie.org\/blog\/wp-json\/wp\/v2\/comments?post=21226"}],"version-history":[{"count":4,"href":"https:\/\/www.associationdemarie.org\/blog\/wp-json\/wp\/v2\/posts\/21226\/revisions"}],"predecessor-version":[{"id":21231,"href":"https:\/\/www.associationdemarie.org\/blog\/wp-json\/wp\/v2\/posts\/21226\/revisions\/21231"}],"wp:attachment":[{"href":"https:\/\/www.associationdemarie.org\/blog\/wp-json\/wp\/v2\/media?parent=21226"}],"wp:term":[{"taxonomy":"category","embeddable":true,"href":"https:\/\/www.associationdemarie.org\/blog\/wp-json\/wp\/v2\/categories?post=21226"},{"taxonomy":"post_tag","embeddable":true,"href":"https:\/\/www.associationdemarie.org\/blog\/wp-json\/wp\/v2\/tags?post=21226"}],"curies":[{"name":"wp","href":"https:\/\/api.w.org\/{rel}","templated":true}]}}