{"id":212,"date":"2009-04-19T20:28:42","date_gmt":"2009-04-19T20:28:42","guid":{"rendered":"http:\/\/preprod.meltem-int.com\/marie\/blog\/?p=212"},"modified":"2009-04-19T20:28:42","modified_gmt":"2009-04-19T20:28:42","slug":"lancement-de-loperation-2","status":"publish","type":"post","link":"https:\/\/www.associationdemarie.org\/blog\/lancement-de-loperation-2\/","title":{"rendered":"Lancement de l&rsquo;op\u00e9ration"},"content":{"rendered":"<p><strong><img loading=\"lazy\" decoding=\"async\" class=\"alignright size-full wp-image-211\" title=\"info1\" src=\"https:\/\/www.associationdemarie.org\/blog\/wp-content\/uploads\/2009\/05\/info1.gif\" alt=\"info1\" width=\"40\" height=\"40\" \/>Burkina Faso 2009<\/strong><\/p>\n<p class=\"MsoNormal\" style=\"margin: 0cm 0cm 0pt;\"><strong>Jeudi 30 avril 09, 20h, Mas Dieu<\/strong><strong><\/strong><\/p>\n<p class=\"MsoNormal\" style=\"margin: 0cm 0cm 0pt;\"><strong><\/strong><\/p>\n<p class=\"MsoNormal\" style=\"margin: 0cm 0cm 0pt;\"><strong>Lancement de l\u2019op\u00e9ration et informations sur cette action humanitaire \u00e0 taille humaine \u00e0 laquelle s&rsquo;associe notre association : vous voulez en savoir plus, vous souhaitez apporter votre soutien, votre aide\u2026 Nous comptons sur vous ! <\/strong><\/p>\n","protected":false},"excerpt":{"rendered":"<p>Burkina Faso 2009 Jeudi 30 avril 09, 20h, Mas Dieu Lancement de l\u2019op\u00e9ration et informations sur cette action humanitaire \u00e0 taille humaine \u00e0 laquelle s&rsquo;associe notre association : vous voulez en savoir plus, vous souhaitez apporter votre soutien, votre aide\u2026 Nous comptons sur vous !<\/p>\n","protected":false},"author":2,"featured_media":0,"comment_status":"closed","ping_status":"closed","sticky":false,"template":"","format":"standard","meta":{"footnotes":""},"categories":[2],"tags":[175],"class_list":["post-212","post","type-post","status-publish","format-standard","hentry","category-actualites","tag-burkina-faso"],"_links":{"self":[{"href":"https:\/\/www.associationdemarie.org\/blog\/wp-json\/wp\/v2\/posts\/212","targetHints":{"allow":["GET"]}}],"collection":[{"href":"https:\/\/www.associationdemarie.org\/blog\/wp-json\/wp\/v2\/posts"}],"about":[{"href":"https:\/\/www.associationdemarie.org\/blog\/wp-json\/wp\/v2\/types\/post"}],"author":[{"embeddable":true,"href":"https:\/\/www.associationdemarie.org\/blog\/wp-json\/wp\/v2\/users\/2"}],"replies":[{"embeddable":true,"href":"https:\/\/www.associationdemarie.org\/blog\/wp-json\/wp\/v2\/comments?post=212"}],"version-history":[{"count":0,"href":"https:\/\/www.associationdemarie.org\/blog\/wp-json\/wp\/v2\/posts\/212\/revisions"}],"wp:attachment":[{"href":"https:\/\/www.associationdemarie.org\/blog\/wp-json\/wp\/v2\/media?parent=212"}],"wp:term":[{"taxonomy":"category","embeddable":true,"href":"https:\/\/www.associationdemarie.org\/blog\/wp-json\/wp\/v2\/categories?post=212"},{"taxonomy":"post_tag","embeddable":true,"href":"https:\/\/www.associationdemarie.org\/blog\/wp-json\/wp\/v2\/tags?post=212"}],"curies":[{"name":"wp","href":"https:\/\/api.w.org\/{rel}","templated":true}]}}