{"id":21176,"date":"2022-01-20T01:47:45","date_gmt":"2022-01-20T00:47:45","guid":{"rendered":"http:\/\/www.associationdemarie.org\/blog\/?p=21176"},"modified":"2021-12-30T08:51:17","modified_gmt":"2021-12-30T07:51:17","slug":"la-vie-sest-manifestee-dans-la-chair","status":"publish","type":"post","link":"https:\/\/www.associationdemarie.org\/blog\/la-vie-sest-manifestee-dans-la-chair\/","title":{"rendered":"La Vie s&rsquo;est manifest\u00e9e dans la chair"},"content":{"rendered":"<p><img loading=\"lazy\" decoding=\"async\" class=\"aligncenter  wp-image-21177\" src=\"https:\/\/www.associationdemarie.org\/blog\/wp-content\/uploads\/2021\/12\/20-01.jpg\" alt=\"\" width=\"463\" height=\"260\" srcset=\"https:\/\/www.associationdemarie.org\/blog\/wp-content\/uploads\/2021\/12\/20-01.jpg 640w, https:\/\/www.associationdemarie.org\/blog\/wp-content\/uploads\/2021\/12\/20-01-300x169.jpg 300w\" sizes=\"auto, (max-width: 463px) 100vw, 463px\" \/><\/p>\n<p>\u00ab Ce qui \u00e9tait depuis le commencement, ce que nous avons entendu, ce que nous avons contempl\u00e9 de nos yeux, et que nos mains ont touch\u00e9, c&rsquo;est le Verbe, la Parole de la vie \u00bb (1Jn 1,1). Comment peut-on toucher de ses mains le Verbe, sinon parce que \u00ab le Verbe s&rsquo;est fait chair et qu&rsquo;il a \u00e9tabli sa demeure parmi nous \u00bb ? (Jn 1,14) Ce Verbe, qui s&rsquo;est fait chair pour \u00eatre touch\u00e9 de nos mains, a commenc\u00e9 d&rsquo;\u00eatre chair dans le sein de la Vierge Marie. Mais ce n&rsquo;est pas alors qu&rsquo;il a commenc\u00e9 d&rsquo;\u00eatre le Verbe, car il \u00e9tait \u00ab depuis le commencement \u00bb, dit saint Jean. (&#8230;)<\/p>\n<p>Peut-\u00eatre que certains entendent le \u00ab Verbe de la vie \u00bb comme une expression vague pour d\u00e9signer le Christ, et non pas pr\u00e9cis\u00e9ment le corps m\u00eame du Christ, que des mains ont touch\u00e9. Mais voyez la suite : \u00ab Oui, la vie s&rsquo;est manifest\u00e9e \u00bb (1Jn 1,2). Le Christ est donc le Verbe de la vie. Et comment cette vie s&rsquo;est-elle manifest\u00e9e ? Elle \u00e9tait d\u00e8s le commencement, mais elle ne s&rsquo;\u00e9tait pas manifest\u00e9e aux hommes : elle s&rsquo;\u00e9tait manifest\u00e9e aux anges, qui la voyaient et qui s&rsquo;en nourrissaient comme de leur pain. C&rsquo;est ce que dit l&rsquo;\u00c9criture : \u00ab L&rsquo;homme a mang\u00e9 le pain des anges \u00bb (Ps 77,25).<\/p>\n<p>Donc, la vie elle-m\u00eame s&rsquo;est manifest\u00e9e dans la chair ; elle a \u00e9t\u00e9 plac\u00e9e en pleine manifestation, pour qu&rsquo;une r\u00e9alit\u00e9 visible seulement par le c\u0153ur devienne \u00e9galement visible aux yeux, afin de gu\u00e9rir les c\u0153urs. Car seul le c\u0153ur voit le Verbe ; la chair et les yeux du corps ne le voient pas. Nous \u00e9tions capables de voir la chair, mais pas capables de voir le Verbe. Le Verbe s&rsquo;est fait chair, que nous pouvions voir, pour gu\u00e9rir en nous ce qui devait voir le Verbe.<\/p>\n<h3 class=\"GospelCommentaryAuthor-name commentary-author font-2\">Saint Augustin (354-430)<\/h3>\n<p>&nbsp;<\/p>\n<p>&nbsp;<\/p>\n<p>&nbsp;<\/p>\n","protected":false},"excerpt":{"rendered":"<p>\u00ab Ce qui \u00e9tait depuis le commencement, ce que nous avons entendu, ce que nous avons contempl\u00e9 de nos yeux, et que nos mains ont touch\u00e9, c&rsquo;est le Verbe, la Parole de la vie \u00bb (1Jn 1,1). Comment peut-on toucher de ses mains le Verbe, sinon parce que \u00ab le Verbe s&rsquo;est fait chair et [&hellip;]<\/p>\n","protected":false},"author":2,"featured_media":0,"comment_status":"closed","ping_status":"closed","sticky":false,"template":"","format":"standard","meta":{"footnotes":""},"categories":[13,1261],"tags":[195,495,1012,1179],"class_list":["post-21176","post","type-post","status-publish","format-standard","hentry","category-ecritures","category-enseignement-2","tag-chair","tag-incarnation","tag-st-augustin","tag-verbe"],"_links":{"self":[{"href":"https:\/\/www.associationdemarie.org\/blog\/wp-json\/wp\/v2\/posts\/21176","targetHints":{"allow":["GET"]}}],"collection":[{"href":"https:\/\/www.associationdemarie.org\/blog\/wp-json\/wp\/v2\/posts"}],"about":[{"href":"https:\/\/www.associationdemarie.org\/blog\/wp-json\/wp\/v2\/types\/post"}],"author":[{"embeddable":true,"href":"https:\/\/www.associationdemarie.org\/blog\/wp-json\/wp\/v2\/users\/2"}],"replies":[{"embeddable":true,"href":"https:\/\/www.associationdemarie.org\/blog\/wp-json\/wp\/v2\/comments?post=21176"}],"version-history":[{"count":2,"href":"https:\/\/www.associationdemarie.org\/blog\/wp-json\/wp\/v2\/posts\/21176\/revisions"}],"predecessor-version":[{"id":21179,"href":"https:\/\/www.associationdemarie.org\/blog\/wp-json\/wp\/v2\/posts\/21176\/revisions\/21179"}],"wp:attachment":[{"href":"https:\/\/www.associationdemarie.org\/blog\/wp-json\/wp\/v2\/media?parent=21176"}],"wp:term":[{"taxonomy":"category","embeddable":true,"href":"https:\/\/www.associationdemarie.org\/blog\/wp-json\/wp\/v2\/categories?post=21176"},{"taxonomy":"post_tag","embeddable":true,"href":"https:\/\/www.associationdemarie.org\/blog\/wp-json\/wp\/v2\/tags?post=21176"}],"curies":[{"name":"wp","href":"https:\/\/api.w.org\/{rel}","templated":true}]}}