{"id":21152,"date":"2022-01-15T01:39:41","date_gmt":"2022-01-15T00:39:41","guid":{"rendered":"http:\/\/www.associationdemarie.org\/blog\/?p=21152"},"modified":"2021-12-25T11:42:11","modified_gmt":"2021-12-25T10:42:11","slug":"lhomme-se-leva-et-le-suivit-3","status":"publish","type":"post","link":"https:\/\/www.associationdemarie.org\/blog\/lhomme-se-leva-et-le-suivit-3\/","title":{"rendered":"\u00ab L&rsquo;homme se leva et le suivit. \u00bb"},"content":{"rendered":"<p><img loading=\"lazy\" decoding=\"async\" class=\"aligncenter  wp-image-21153\" src=\"https:\/\/www.associationdemarie.org\/blog\/wp-content\/uploads\/2021\/12\/15-01.jpg\" alt=\"\" width=\"466\" height=\"377\" srcset=\"https:\/\/www.associationdemarie.org\/blog\/wp-content\/uploads\/2021\/12\/15-01.jpg 600w, https:\/\/www.associationdemarie.org\/blog\/wp-content\/uploads\/2021\/12\/15-01-300x243.jpg 300w\" sizes=\"auto, (max-width: 466px) 100vw, 466px\" \/><\/p>\n<p>Assis \u00e0 son bureau de douane, ce malheureux publicain \u00e9tait dans une situation pire que le paralytique dont je vous ai parl\u00e9 l&rsquo;autre jour, lui qui gisait sur son lit (Mc 2,1s). L&rsquo;un \u00e9tait atteint de paralysie en son corps, l&rsquo;autre en son \u00e2me. Chez le premier, tous ses membres \u00e9taient difformes ; chez le second, c&rsquo;est le jugement dans son ensemble qui \u00e9tait en d\u00e9route. Le premier gisait, prisonnier de sa chair ; l&rsquo;autre \u00e9tait assis, captif d&rsquo;\u00e2me et de corps. C&rsquo;est malgr\u00e9 lui que le paralytique succombait aux souffrances ; le publicain, lui, \u00e9tait de son plein gr\u00e9 esclave du mal et du p\u00e9ch\u00e9. Ce dernier, innocent \u00e0 ses propres yeux, \u00e9tait accus\u00e9 de cupidit\u00e9 par autrui ; le premier, au milieu de ses blessures, se savait p\u00e9cheur. L&rsquo;un entassait gain sur gain, et tous \u00e9taient des p\u00e9ch\u00e9s ; l&rsquo;autre effa\u00e7ait ses p\u00e9ch\u00e9s en g\u00e9missant dans ses douleurs. C&rsquo;est pourquoi elles \u00e9taient justes, ces paroles adress\u00e9es au paralytique : \u00ab Courage, mon enfant, tes p\u00e9ch\u00e9s te sont pardonn\u00e9s \u00bb, car par ses souffrances il compensait ses fautes. Quant au publicain, il entendit ces mots : \u00ab Viens, suis-moi \u00bb, c&rsquo;est-\u00e0-dire : \u00ab Tu feras r\u00e9paration en me suivant, toi qui t&rsquo;es perdu en suivant l&rsquo;argent \u00bb.<\/p>\n<p>Quelqu&rsquo;un va dire : pourquoi le publicain, plus coupable semble-t-il, re\u00e7oit-il un don plus \u00e9lev\u00e9 ? Il devient ap\u00f4tre aussit\u00f4t. (&#8230;) Lui-m\u00eame a re\u00e7u le pardon, et il accorde \u00e0 d&rsquo;autres le pardon de leurs p\u00e9ch\u00e9s ; il illumine toute la terre de l&rsquo;\u00e9clat de la pr\u00e9dication de l&rsquo;\u00c9vangile. Quant au paralytique, \u00e0 peine est-il jug\u00e9 digne de recevoir seulement le pardon. Tu veux savoir pourquoi le publicain a obtenu plus de gr\u00e2ces ? C&rsquo;est que, selon un mot de l&rsquo;ap\u00f4tre Paul : \u00ab L\u00e0 o\u00f9 le p\u00e9ch\u00e9 s&rsquo;\u00e9tait multipli\u00e9, la gr\u00e2ce a surabond\u00e9 \u00bb (Rm 5,20).<\/p>\n<h3 class=\"GospelCommentaryAuthor-name commentary-author font-2\">Saint Pierre Chrysologue (v. 406-450)<\/h3>\n<p>&nbsp;<\/p>\n<p>&nbsp;<\/p>\n","protected":false},"excerpt":{"rendered":"<p>Assis \u00e0 son bureau de douane, ce malheureux publicain \u00e9tait dans une situation pire que le paralytique dont je vous ai parl\u00e9 l&rsquo;autre jour, lui qui gisait sur son lit (Mc 2,1s). L&rsquo;un \u00e9tait atteint de paralysie en son corps, l&rsquo;autre en son \u00e2me. Chez le premier, tous ses membres \u00e9taient difformes ; chez le [&hellip;]<\/p>\n","protected":false},"author":2,"featured_media":0,"comment_status":"closed","ping_status":"closed","sticky":false,"template":"","format":"standard","meta":{"footnotes":""},"categories":[13,1261],"tags":[676,1072],"class_list":["post-21152","post","type-post","status-publish","format-standard","hentry","category-ecritures","category-enseignement-2","tag-miracle","tag-st-pierre-chrysologue"],"_links":{"self":[{"href":"https:\/\/www.associationdemarie.org\/blog\/wp-json\/wp\/v2\/posts\/21152","targetHints":{"allow":["GET"]}}],"collection":[{"href":"https:\/\/www.associationdemarie.org\/blog\/wp-json\/wp\/v2\/posts"}],"about":[{"href":"https:\/\/www.associationdemarie.org\/blog\/wp-json\/wp\/v2\/types\/post"}],"author":[{"embeddable":true,"href":"https:\/\/www.associationdemarie.org\/blog\/wp-json\/wp\/v2\/users\/2"}],"replies":[{"embeddable":true,"href":"https:\/\/www.associationdemarie.org\/blog\/wp-json\/wp\/v2\/comments?post=21152"}],"version-history":[{"count":2,"href":"https:\/\/www.associationdemarie.org\/blog\/wp-json\/wp\/v2\/posts\/21152\/revisions"}],"predecessor-version":[{"id":21155,"href":"https:\/\/www.associationdemarie.org\/blog\/wp-json\/wp\/v2\/posts\/21152\/revisions\/21155"}],"wp:attachment":[{"href":"https:\/\/www.associationdemarie.org\/blog\/wp-json\/wp\/v2\/media?parent=21152"}],"wp:term":[{"taxonomy":"category","embeddable":true,"href":"https:\/\/www.associationdemarie.org\/blog\/wp-json\/wp\/v2\/categories?post=21152"},{"taxonomy":"post_tag","embeddable":true,"href":"https:\/\/www.associationdemarie.org\/blog\/wp-json\/wp\/v2\/tags?post=21152"}],"curies":[{"name":"wp","href":"https:\/\/api.w.org\/{rel}","templated":true}]}}