{"id":21149,"date":"2022-01-14T01:43:32","date_gmt":"2022-01-14T00:43:32","guid":{"rendered":"http:\/\/www.associationdemarie.org\/blog\/?p=21149"},"modified":"2021-12-24T09:50:25","modified_gmt":"2021-12-24T08:50:25","slug":"voyant-leur-foi-jesus-dit-au-paralyse-mon-fils-tes-peches-sont-pardonnes-2","status":"publish","type":"post","link":"https:\/\/www.associationdemarie.org\/blog\/voyant-leur-foi-jesus-dit-au-paralyse-mon-fils-tes-peches-sont-pardonnes-2\/","title":{"rendered":"\u00ab Voyant leur foi, J\u00e9sus dit au paralys\u00e9 : \u2018 Mon fils, tes p\u00e9ch\u00e9s sont pardonn\u00e9s \u2019. \u00bb"},"content":{"rendered":"<p><img loading=\"lazy\" decoding=\"async\" class=\"aligncenter size-full wp-image-21150\" src=\"https:\/\/www.associationdemarie.org\/blog\/wp-content\/uploads\/2021\/12\/14-01.jpg\" alt=\"\" width=\"424\" height=\"318\" srcset=\"https:\/\/www.associationdemarie.org\/blog\/wp-content\/uploads\/2021\/12\/14-01.jpg 424w, https:\/\/www.associationdemarie.org\/blog\/wp-content\/uploads\/2021\/12\/14-01-300x225.jpg 300w\" sizes=\"auto, (max-width: 424px) 100vw, 424px\" \/><\/p>\n<p>La souffrance nous rappelle que le service rendu par la foi au bien commun est toujours service d&rsquo;esp\u00e9rance, qui regarde en avant, sachant que c&rsquo;est seulement de Dieu, de l&rsquo;avenir qui vient de J\u00e9sus ressuscit\u00e9, que notre soci\u00e9t\u00e9 peut trouver ses fondements solides et durables. En ce sens, la foi est reli\u00e9e \u00e0 l&rsquo;esp\u00e9rance parce que, \u00ab m\u00eame si notre demeure terrestre, notre corps, vient \u00e0 \u00eatre d\u00e9truite \u00bb, nous avons \u00ab une demeure \u00e9ternelle \u00bb que Dieu a d\u00e9sormais inaugur\u00e9e dans le Christ, dans son corps (2Co 4,16s). Le dynamisme de la foi, de l&rsquo;esp\u00e9rance et de la charit\u00e9 nous fait ainsi embrasser les pr\u00e9occupations de tous les hommes, dans notre marche vers \u00ab cette ville, dont Dieu est l&rsquo;architecte et le b\u00e2tisseur \u00bb (He 11,10), parce que \u00ab l&rsquo;esp\u00e9rance ne d\u00e9\u00e7oit pas \u00bb ( Rm 5,5).<\/p>\n<p>Dans l&rsquo;unit\u00e9 avec la foi et la charit\u00e9, l&rsquo;esp\u00e9rance nous projette vers un avenir certain, qui se situe dans une perspective diff\u00e9rente des propositions illusoires des idoles du monde, mais qui donne un nouvel \u00e9lan et de nouvelles forces \u00e0 la vie quotidienne. Ne nous faisons pas voler l&rsquo;esp\u00e9rance, ne permettons pas qu&rsquo;elle soit rendue vaine par des solutions et des propositions imm\u00e9diates qui nous arr\u00eatent sur le chemin, qui \u00ab fragmentent \u00bb le temps, le transformant en moments ; c&rsquo;est le temps qui gouverne les moments, qui les \u00e9claire et les transforme en maillons d&rsquo;une cha\u00eene, d&rsquo;un processus. L&rsquo;espace fossilise le cours des choses, le temps projette au contraire vers l&rsquo;avenir et incite \u00e0 marcher avec esp\u00e9rance.<\/p>\n<h3 class=\"GospelCommentaryAuthor-name commentary-author font-2\">Pape Fran\u00e7ois<\/h3>\n<p>&nbsp;<\/p>\n<p>&nbsp;<\/p>\n","protected":false},"excerpt":{"rendered":"<p>La souffrance nous rappelle que le service rendu par la foi au bien commun est toujours service d&rsquo;esp\u00e9rance, qui regarde en avant, sachant que c&rsquo;est seulement de Dieu, de l&rsquo;avenir qui vient de J\u00e9sus ressuscit\u00e9, que notre soci\u00e9t\u00e9 peut trouver ses fondements solides et durables. En ce sens, la foi est reli\u00e9e \u00e0 l&rsquo;esp\u00e9rance parce [&hellip;]<\/p>\n","protected":false},"author":2,"featured_media":0,"comment_status":"closed","ping_status":"closed","sticky":false,"template":"","format":"standard","meta":{"footnotes":""},"categories":[13,1261],"tags":[676,761],"class_list":["post-21149","post","type-post","status-publish","format-standard","hentry","category-ecritures","category-enseignement-2","tag-miracle","tag-pape-francois"],"_links":{"self":[{"href":"https:\/\/www.associationdemarie.org\/blog\/wp-json\/wp\/v2\/posts\/21149","targetHints":{"allow":["GET"]}}],"collection":[{"href":"https:\/\/www.associationdemarie.org\/blog\/wp-json\/wp\/v2\/posts"}],"about":[{"href":"https:\/\/www.associationdemarie.org\/blog\/wp-json\/wp\/v2\/types\/post"}],"author":[{"embeddable":true,"href":"https:\/\/www.associationdemarie.org\/blog\/wp-json\/wp\/v2\/users\/2"}],"replies":[{"embeddable":true,"href":"https:\/\/www.associationdemarie.org\/blog\/wp-json\/wp\/v2\/comments?post=21149"}],"version-history":[{"count":1,"href":"https:\/\/www.associationdemarie.org\/blog\/wp-json\/wp\/v2\/posts\/21149\/revisions"}],"predecessor-version":[{"id":21151,"href":"https:\/\/www.associationdemarie.org\/blog\/wp-json\/wp\/v2\/posts\/21149\/revisions\/21151"}],"wp:attachment":[{"href":"https:\/\/www.associationdemarie.org\/blog\/wp-json\/wp\/v2\/media?parent=21149"}],"wp:term":[{"taxonomy":"category","embeddable":true,"href":"https:\/\/www.associationdemarie.org\/blog\/wp-json\/wp\/v2\/categories?post=21149"},{"taxonomy":"post_tag","embeddable":true,"href":"https:\/\/www.associationdemarie.org\/blog\/wp-json\/wp\/v2\/tags?post=21149"}],"curies":[{"name":"wp","href":"https:\/\/api.w.org\/{rel}","templated":true}]}}