{"id":21143,"date":"2022-01-12T01:12:11","date_gmt":"2022-01-12T00:12:11","guid":{"rendered":"http:\/\/www.associationdemarie.org\/blog\/?p=21143"},"modified":"2021-12-22T09:14:36","modified_gmt":"2021-12-22T08:14:36","slug":"jesus-se-rendit-dans-un-endroit-desert-et-la-il-priait-mc-1-35","status":"publish","type":"post","link":"https:\/\/www.associationdemarie.org\/blog\/jesus-se-rendit-dans-un-endroit-desert-et-la-il-priait-mc-1-35\/","title":{"rendered":"\u00ab J\u00e9sus se rendit dans un endroit d\u00e9sert, et l\u00e0 il priait. \u00bb (Mc 1, 35)"},"content":{"rendered":"<p><img loading=\"lazy\" decoding=\"async\" class=\"aligncenter size-full wp-image-21144\" src=\"https:\/\/www.associationdemarie.org\/blog\/wp-content\/uploads\/2021\/12\/12-01.jpg\" alt=\"\" width=\"319\" height=\"480\" srcset=\"https:\/\/www.associationdemarie.org\/blog\/wp-content\/uploads\/2021\/12\/12-01.jpg 319w, https:\/\/www.associationdemarie.org\/blog\/wp-content\/uploads\/2021\/12\/12-01-199x300.jpg 199w\" sizes=\"auto, (max-width: 319px) 100vw, 319px\" \/><\/p>\n<p>Je tiens pour impossible de distinguer toutes les formes de pri\u00e8res, \u00e0 moins d\u2019une puret\u00e9 de c\u0153ur tout \u00e0 fait singuli\u00e8re et de lumi\u00e8res extraordinaires de l\u2019Esprit Saint. Leur nombre est aussi grand qu\u2019il peut se rencontrer dans une \u00e2me, ou plut\u00f4t dans toutes les \u00e2mes, d\u2019\u00e9tats et de disposition diff\u00e9rentes. (\u2026)<\/p>\n<p>La pri\u00e8re se modifie \u00e0 tout instant, selon le degr\u00e9 de puret\u00e9 o\u00f9 l\u2019\u00e2me est parvenue, suivant aussi sa disposition actuelle, que celle-ci soit due \u00e0 des influences \u00e9trang\u00e8res ou spontan\u00e9e ; et il est bien certain que pour personne elle ne demeure en tout temps identique \u00e0 elle-m\u00eame. On prie diff\u00e9remment suivant que l\u2019on a le c\u0153ur l\u00e9ger, ou alourdi de tristesse et de d\u00e9sesp\u00e9rance ; dans l\u2019enivrement de la vie surnaturelle, et la d\u00e9pression des tentations violentes ; lorsqu\u2019on implore le pardon de ses fautes, ou que l\u2019on demande une gr\u00e2ce, une vertu, la gu\u00e9rison d\u2019un vice ; dans la componction qu\u2019inspirent la pens\u00e9e de l\u2019enfer et la crainte du jugement, et lorsqu\u2019on br\u00fble du d\u00e9sir et de l\u2019esp\u00e9rance des biens futurs ; parmi l\u2019adversit\u00e9 et le p\u00e9ril, ou dans la paix et la s\u00e9curit\u00e9 ; si l\u2019on se sent inond\u00e9 de lumi\u00e8re \u00e0 la r\u00e9v\u00e9lation des myst\u00e8res du ciel, ou paralys\u00e9 par la st\u00e9rilit\u00e9 dans la vertu et la s\u00e9cheresse dans les pens\u00e9es. (\u2026)<\/p>\n<p>Ces divers modes de pri\u00e8re seront suivis d\u2019un \u00e9tat plus sublime encore et d\u2019une plus transcendante \u00e9l\u00e9vation. C\u2019est un regard sur Dieu seul, un grand feu d\u2019amour. L\u2019\u00e2me s\u2019y fond et s\u2019ab\u00eeme en la sainte dilection, et s\u2019entretient avec Dieu comme avec son propre P\u00e8re, tr\u00e8s famili\u00e8rement, dans une tendresse de pi\u00e9t\u00e9 toute particuli\u00e8re.<\/p>\n<h3 class=\"GospelCommentaryAuthor-name commentary-author font-2\">Saint Jean Cassien (v. 360-435)<\/h3>\n<p>&nbsp;<\/p>\n<p>&nbsp;<\/p>\n","protected":false},"excerpt":{"rendered":"<p>Je tiens pour impossible de distinguer toutes les formes de pri\u00e8res, \u00e0 moins d\u2019une puret\u00e9 de c\u0153ur tout \u00e0 fait singuli\u00e8re et de lumi\u00e8res extraordinaires de l\u2019Esprit Saint. Leur nombre est aussi grand qu\u2019il peut se rencontrer dans une \u00e2me, ou plut\u00f4t dans toutes les \u00e2mes, d\u2019\u00e9tats et de disposition diff\u00e9rentes. (\u2026) La pri\u00e8re se [&hellip;]<\/p>\n","protected":false},"author":2,"featured_media":0,"comment_status":"closed","ping_status":"closed","sticky":false,"template":"","format":"standard","meta":{"footnotes":""},"categories":[13,1261,26],"tags":[830,1303],"class_list":["post-21143","post","type-post","status-publish","format-standard","hentry","category-ecritures","category-enseignement-2","category-priere-des-ames","tag-priere","tag-st-jean-cassien"],"_links":{"self":[{"href":"https:\/\/www.associationdemarie.org\/blog\/wp-json\/wp\/v2\/posts\/21143","targetHints":{"allow":["GET"]}}],"collection":[{"href":"https:\/\/www.associationdemarie.org\/blog\/wp-json\/wp\/v2\/posts"}],"about":[{"href":"https:\/\/www.associationdemarie.org\/blog\/wp-json\/wp\/v2\/types\/post"}],"author":[{"embeddable":true,"href":"https:\/\/www.associationdemarie.org\/blog\/wp-json\/wp\/v2\/users\/2"}],"replies":[{"embeddable":true,"href":"https:\/\/www.associationdemarie.org\/blog\/wp-json\/wp\/v2\/comments?post=21143"}],"version-history":[{"count":1,"href":"https:\/\/www.associationdemarie.org\/blog\/wp-json\/wp\/v2\/posts\/21143\/revisions"}],"predecessor-version":[{"id":21145,"href":"https:\/\/www.associationdemarie.org\/blog\/wp-json\/wp\/v2\/posts\/21143\/revisions\/21145"}],"wp:attachment":[{"href":"https:\/\/www.associationdemarie.org\/blog\/wp-json\/wp\/v2\/media?parent=21143"}],"wp:term":[{"taxonomy":"category","embeddable":true,"href":"https:\/\/www.associationdemarie.org\/blog\/wp-json\/wp\/v2\/categories?post=21143"},{"taxonomy":"post_tag","embeddable":true,"href":"https:\/\/www.associationdemarie.org\/blog\/wp-json\/wp\/v2\/tags?post=21143"}],"curies":[{"name":"wp","href":"https:\/\/api.w.org\/{rel}","templated":true}]}}