{"id":21131,"date":"2022-01-09T01:39:32","date_gmt":"2022-01-09T00:39:32","guid":{"rendered":"http:\/\/www.associationdemarie.org\/blog\/?p=21131"},"modified":"2021-12-19T08:43:00","modified_gmt":"2021-12-19T07:43:00","slug":"fete-du-bapteme-de-notre-seigneur-4","status":"publish","type":"post","link":"https:\/\/www.associationdemarie.org\/blog\/fete-du-bapteme-de-notre-seigneur-4\/","title":{"rendered":"F\u00eate du Bapt\u00eame de Notre Seigneur"},"content":{"rendered":"<p><img loading=\"lazy\" decoding=\"async\" class=\"aligncenter  wp-image-21132\" src=\"https:\/\/www.associationdemarie.org\/blog\/wp-content\/uploads\/2021\/12\/9-01.jpg\" alt=\"\" width=\"489\" height=\"287\" srcset=\"https:\/\/www.associationdemarie.org\/blog\/wp-content\/uploads\/2021\/12\/9-01.jpg 600w, https:\/\/www.associationdemarie.org\/blog\/wp-content\/uploads\/2021\/12\/9-01-300x176.jpg 300w\" sizes=\"auto, (max-width: 489px) 100vw, 489px\" \/><\/p>\n<p>Le Christ est illumin\u00e9 par le bapt\u00eame, resplendissons avec lui ; il est plong\u00e9 dans l&rsquo;eau, descendons avec lui pour remonter avec lui. (&#8230;) Jean est en train de baptiser et J\u00e9sus s&rsquo;approche : peut-\u00eatre pour sanctifier celui qui va le baptiser ; certainement pour ensevelir tout entier le vieil Adam au fond de l&rsquo;eau. Mais avant cela et en vue de cela, il sanctifie le Jourdain. Et comme il est esprit et chair, il veut pouvoir initier par l&rsquo;eau et par l&rsquo;Esprit. (&#8230;) Voici J\u00e9sus qui remonte hors de l&rsquo;eau. En effet, il porte le monde ; il le fait monter avec lui. \u00ab Il voit les cieux se d\u00e9chirer et s&rsquo;ouvrir \u00bb (Mc 1,10), alors qu&rsquo;Adam les avait ferm\u00e9s pour lui et sa descendance, quand il a \u00e9t\u00e9 expuls\u00e9 du paradis que d\u00e9fendait l&rsquo;\u00e9p\u00e9e de feu.<\/p>\n<p>Alors l&rsquo;Esprit atteste sa divinit\u00e9, car il accourt vers celui qui est de m\u00eame nature. Une voix descend du ciel, pour rendre t\u00e9moignage \u00e0 celui qui en venait ; et, sous l&rsquo;apparence d&rsquo;une colombe, elle honore le corps, puisque Dieu, en se montrant sous une apparence corporelle, divinise aussi le corps. C&rsquo;est ainsi que, bien des si\u00e8cles auparavant, une colombe est venue annoncer la bonne nouvelle de la fin du d\u00e9luge (Gn 8,11). (&#8230;)<\/p>\n<p>Pour nous, honorons aujourd&rsquo;hui le bapt\u00eame du Christ, et c\u00e9l\u00e9brons cette f\u00eate de fa\u00e7on irr\u00e9prochable. (&#8230;) Soyez enti\u00e8rement purifi\u00e9s, et purifiez-vous encore. Car rien ne donne \u00e0 Dieu autant de joie que le redressement et le salut de l&rsquo;homme : c&rsquo;est \u00e0 cela que tend tout ce discours et tout ce myst\u00e8re. Soyez \u00ab comme des sources de lumi\u00e8re dans le monde \u00bb (Ph 2,15), une force vitale pour les autres hommes. Comme des lumi\u00e8res parfaites secondant la grande Lumi\u00e8re, soyez initi\u00e9s \u00e0 la vie de lumi\u00e8re qui est au ciel ; soyez illumin\u00e9s avec plus de clart\u00e9 et d&rsquo;\u00e9clat par la sainte Trinit\u00e9.<\/p>\n<h3 class=\"GospelCommentaryAuthor-name commentary-author font-2\">Saint Gr\u00e9goire de Nazianze (330-390)<\/h3>\n<p>&nbsp;<\/p>\n<p>&nbsp;<\/p>\n","protected":false},"excerpt":{"rendered":"<p>Le Christ est illumin\u00e9 par le bapt\u00eame, resplendissons avec lui ; il est plong\u00e9 dans l&rsquo;eau, descendons avec lui pour remonter avec lui. (&#8230;) Jean est en train de baptiser et J\u00e9sus s&rsquo;approche : peut-\u00eatre pour sanctifier celui qui va le baptiser ; certainement pour ensevelir tout entier le vieil Adam au fond de l&rsquo;eau. [&hellip;]<\/p>\n","protected":false},"author":2,"featured_media":0,"comment_status":"closed","ping_status":"closed","sticky":false,"template":"","format":"standard","meta":{"footnotes":""},"categories":[3,28],"tags":[131,536,1491,1042],"class_list":["post-21131","post","type-post","status-publish","format-standard","hentry","category-liturgique","category-saints-et-saintes","tag-bapteme","tag-jesus-christ","tag-st-gregoire-de-nazianze","tag-st-jean-baptiste"],"_links":{"self":[{"href":"https:\/\/www.associationdemarie.org\/blog\/wp-json\/wp\/v2\/posts\/21131","targetHints":{"allow":["GET"]}}],"collection":[{"href":"https:\/\/www.associationdemarie.org\/blog\/wp-json\/wp\/v2\/posts"}],"about":[{"href":"https:\/\/www.associationdemarie.org\/blog\/wp-json\/wp\/v2\/types\/post"}],"author":[{"embeddable":true,"href":"https:\/\/www.associationdemarie.org\/blog\/wp-json\/wp\/v2\/users\/2"}],"replies":[{"embeddable":true,"href":"https:\/\/www.associationdemarie.org\/blog\/wp-json\/wp\/v2\/comments?post=21131"}],"version-history":[{"count":1,"href":"https:\/\/www.associationdemarie.org\/blog\/wp-json\/wp\/v2\/posts\/21131\/revisions"}],"predecessor-version":[{"id":21133,"href":"https:\/\/www.associationdemarie.org\/blog\/wp-json\/wp\/v2\/posts\/21131\/revisions\/21133"}],"wp:attachment":[{"href":"https:\/\/www.associationdemarie.org\/blog\/wp-json\/wp\/v2\/media?parent=21131"}],"wp:term":[{"taxonomy":"category","embeddable":true,"href":"https:\/\/www.associationdemarie.org\/blog\/wp-json\/wp\/v2\/categories?post=21131"},{"taxonomy":"post_tag","embeddable":true,"href":"https:\/\/www.associationdemarie.org\/blog\/wp-json\/wp\/v2\/tags?post=21131"}],"curies":[{"name":"wp","href":"https:\/\/api.w.org\/{rel}","templated":true}]}}