{"id":21083,"date":"2021-12-27T01:59:39","date_gmt":"2021-12-27T00:59:39","guid":{"rendered":"http:\/\/www.associationdemarie.org\/blog\/?p=21083"},"modified":"2021-12-06T08:01:51","modified_gmt":"2021-12-06T07:01:51","slug":"fete-de-saint-jean-apotre-et-evangeliste-7","status":"publish","type":"post","link":"https:\/\/www.associationdemarie.org\/blog\/fete-de-saint-jean-apotre-et-evangeliste-7\/","title":{"rendered":"F\u00eate de saint Jean, ap\u00f4tre et \u00e9vang\u00e9liste"},"content":{"rendered":"<p><img loading=\"lazy\" decoding=\"async\" class=\"aligncenter  wp-image-21084\" src=\"https:\/\/www.associationdemarie.org\/blog\/wp-content\/uploads\/2021\/12\/27-12-saint-jean-2.11.jpg\" alt=\"\" width=\"362\" height=\"482\" srcset=\"https:\/\/www.associationdemarie.org\/blog\/wp-content\/uploads\/2021\/12\/27-12-saint-jean-2.11.jpg 1442w, https:\/\/www.associationdemarie.org\/blog\/wp-content\/uploads\/2021\/12\/27-12-saint-jean-2.11-225x300.jpg 225w, https:\/\/www.associationdemarie.org\/blog\/wp-content\/uploads\/2021\/12\/27-12-saint-jean-2.11-768x1023.jpg 768w, https:\/\/www.associationdemarie.org\/blog\/wp-content\/uploads\/2021\/12\/27-12-saint-jean-2.11-769x1024.jpg 769w\" sizes=\"auto, (max-width: 362px) 100vw, 362px\" \/><\/p>\n<p>En proportion de la gr\u00e2ce qui faisait que J\u00e9sus l&rsquo;aimait et qui l&rsquo;a fait reposer sur la poitrine de J\u00e9sus \u00e0 la C\u00e8ne (Jn 13,23), Jean a re\u00e7u avec abondance [les dons de l&rsquo;Esprit] l&rsquo;intelligence et la sagesse (Is 11,2) \u2014 l&rsquo;intelligence pour comprendre les \u00c9critures ; la sagesse pour r\u00e9diger ses propres livres avec un art admirable. \u00c0 vrai dire, il n&rsquo;a pas re\u00e7u ce don d\u00e8s le moment o\u00f9 il a repos\u00e9 sur la poitrine du Seigneur, m\u00eame si par la suite il a pu puiser dans ce c\u0153ur \u00ab o\u00f9 sont cach\u00e9s tous les tr\u00e9sors de la sagesse et de la science \u00bb (Col 2,3). Lorsqu&rsquo;il dit qu&rsquo;en entrant dans le tombeau \u00ab il vit et il crut \u00bb, il reconna\u00eet \u00ab qu&rsquo;ils ne connaissaient pas encore les \u00c9critures, et qu&rsquo;il fallait que J\u00e9sus ressuscite d&rsquo;entre les morts \u00bb (Jn 20,9). Comme les autres ap\u00f4tres, Jean a re\u00e7u sa pleine mesure lorsque l&rsquo;Esprit Saint est venu [\u00e0 la Pentec\u00f4te], lorsque la gr\u00e2ce a \u00e9t\u00e9 donn\u00e9e \u00e0 chacun \u00ab selon la mesure du don du Christ \u00bb (Ep 4,7). (&#8230;)<\/p>\n<p>Le Seigneur J\u00e9sus a aim\u00e9 ce disciple plus que les autres (&#8230;), et il lui a ouvert les secrets du ciel (&#8230;) pour faire de lui l&rsquo;\u00e9crivain du myst\u00e8re profond dont l&rsquo;homme ne peut rien dire par lui-m\u00eame : le myst\u00e8re du Verbe, la Parole de Dieu, du Verbe qui s&rsquo;est fait chair. C&rsquo;est le fruit de cet amour. Mais, m\u00eame s&rsquo;il l&rsquo;aimait, ce n&rsquo;est pas \u00e0 lui que J\u00e9sus a dit : \u00ab Tu es Pierre et sur cette pierre je b\u00e2tirai mon \u00c9glise \u00bb (Mt 16,18). (&#8230;) Tout en aimant tous ses disciples et surtout Pierre d&rsquo;un amour de l&rsquo;esprit et de l&rsquo;\u00e2me, notre Seigneur a aim\u00e9 Jean d&rsquo;un amour du c\u0153ur. (&#8230;) Dans l&rsquo;ordre de l&rsquo;apostolat, Simon Pierre a re\u00e7u la premi\u00e8re place et \u00ab les cl\u00e9s du Royaume des cieux \u00bb (Mt 16,19) ; Jean, lui, a obtenu un autre h\u00e9ritage : l&rsquo;esprit d&rsquo;intelligence, \u00ab un tr\u00e9sor de joie et d&rsquo;all\u00e9gresse \u00bb (Si 15,6).<\/p>\n<h3 class=\"GospelCommentaryAuthor-name commentary-author font-2\">Rupert de Deutz (v. 1075-1130)<\/h3>\n<p>&nbsp;<\/p>\n<p>&nbsp;<\/p>\n","protected":false},"excerpt":{"rendered":"<p>En proportion de la gr\u00e2ce qui faisait que J\u00e9sus l&rsquo;aimait et qui l&rsquo;a fait reposer sur la poitrine de J\u00e9sus \u00e0 la C\u00e8ne (Jn 13,23), Jean a re\u00e7u avec abondance [les dons de l&rsquo;Esprit] l&rsquo;intelligence et la sagesse (Is 11,2) \u2014 l&rsquo;intelligence pour comprendre les \u00c9critures ; la sagesse pour r\u00e9diger ses propres livres avec [&hellip;]<\/p>\n","protected":false},"author":2,"featured_media":0,"comment_status":"closed","ping_status":"closed","sticky":false,"template":"","format":"standard","meta":{"footnotes":""},"categories":[3,28],"tags":[1382,1401,1041],"class_list":["post-21083","post","type-post","status-publish","format-standard","hentry","category-liturgique","category-saints-et-saintes","tag-ecritures","tag-rupert-de-deutz","tag-st-jean"],"_links":{"self":[{"href":"https:\/\/www.associationdemarie.org\/blog\/wp-json\/wp\/v2\/posts\/21083","targetHints":{"allow":["GET"]}}],"collection":[{"href":"https:\/\/www.associationdemarie.org\/blog\/wp-json\/wp\/v2\/posts"}],"about":[{"href":"https:\/\/www.associationdemarie.org\/blog\/wp-json\/wp\/v2\/types\/post"}],"author":[{"embeddable":true,"href":"https:\/\/www.associationdemarie.org\/blog\/wp-json\/wp\/v2\/users\/2"}],"replies":[{"embeddable":true,"href":"https:\/\/www.associationdemarie.org\/blog\/wp-json\/wp\/v2\/comments?post=21083"}],"version-history":[{"count":2,"href":"https:\/\/www.associationdemarie.org\/blog\/wp-json\/wp\/v2\/posts\/21083\/revisions"}],"predecessor-version":[{"id":21086,"href":"https:\/\/www.associationdemarie.org\/blog\/wp-json\/wp\/v2\/posts\/21083\/revisions\/21086"}],"wp:attachment":[{"href":"https:\/\/www.associationdemarie.org\/blog\/wp-json\/wp\/v2\/media?parent=21083"}],"wp:term":[{"taxonomy":"category","embeddable":true,"href":"https:\/\/www.associationdemarie.org\/blog\/wp-json\/wp\/v2\/categories?post=21083"},{"taxonomy":"post_tag","embeddable":true,"href":"https:\/\/www.associationdemarie.org\/blog\/wp-json\/wp\/v2\/tags?post=21083"}],"curies":[{"name":"wp","href":"https:\/\/api.w.org\/{rel}","templated":true}]}}