{"id":21074,"date":"2021-12-25T01:47:57","date_gmt":"2021-12-25T00:47:57","guid":{"rendered":"http:\/\/www.associationdemarie.org\/blog\/?p=21074"},"modified":"2021-12-04T08:51:09","modified_gmt":"2021-12-04T07:51:09","slug":"solennite-de-la-nativite-du-seigneur-messe-du-jour-2","status":"publish","type":"post","link":"https:\/\/www.associationdemarie.org\/blog\/solennite-de-la-nativite-du-seigneur-messe-du-jour-2\/","title":{"rendered":"Solennit\u00e9 de la Nativit\u00e9 du Seigneur (messe du jour)"},"content":{"rendered":"<p><img loading=\"lazy\" decoding=\"async\" class=\"aligncenter  wp-image-21075\" src=\"https:\/\/www.associationdemarie.org\/blog\/wp-content\/uploads\/2021\/12\/ob_475226_j-sus-10.jpg\" alt=\"\" width=\"423\" height=\"317\" srcset=\"https:\/\/www.associationdemarie.org\/blog\/wp-content\/uploads\/2021\/12\/ob_475226_j-sus-10.jpg 600w, https:\/\/www.associationdemarie.org\/blog\/wp-content\/uploads\/2021\/12\/ob_475226_j-sus-10-300x225.jpg 300w\" sizes=\"auto, (max-width: 423px) 100vw, 423px\" \/><\/p>\n<p>\u00c9coutez, bergers, le son des trompettes ; (&#8230;) Le Verbe est enfant\u00e9, Dieu est manifest\u00e9 au monde ! Et vous, filles de rois, entrez dans la joie de la M\u00e8re de Dieu (cf Ps 44,10). Peuples, disons : \u00ab B\u00e9ni sois-tu, notre Dieu nouveau-n\u00e9, gloire \u00e0 toi ! \u00bb<\/p>\n<p>La Vierge, qui ne conna\u00eet pas d&rsquo;homme (Lc 1,34), a mis au monde la joie, la tristesse ancestrale a cess\u00e9. Aujourd&rsquo;hui l&rsquo;Incr\u00e9\u00e9 est enfant\u00e9, celui que le monde ne peut contenir entre dans le monde. Aujourd&rsquo;hui, la joie s&rsquo;est manifest\u00e9e aux hommes ; aujourd&rsquo;hui l&rsquo;erreur est jet\u00e9e dans l&rsquo;ab\u00eeme. Peuples, disons : \u00ab B\u00e9ni sois-tu, notre Dieu nouveau-n\u00e9, gloire \u00e0 toi ! \u00bb<\/p>\n<p>Bergers (&#8230;), chantez le Ma\u00eetre qui est n\u00e9 \u00e0 Bethl\u00e9em (&#8230;), celui qui rach\u00e8te le monde. Voici que la mal\u00e9diction d&rsquo;\u00c8ve est rompue, gr\u00e2ce \u00e0 celui qui est n\u00e9 de la Vierge. (&#8230;) \u00ab Battons des mains avec des acclamations \u00bb (Ps 46,2) ; formons un ch\u0153ur avec les anges. Le Seigneur est n\u00e9 de la Vierge Marie pour \u00ab relever ceux qui sont tomb\u00e9s et redresser ceux qui sont abattus \u00bb (Ps 144,14), ceux qui crient avec foi : \u00ab B\u00e9ni sois-tu, notre Dieu nouveau-n\u00e9, gloire \u00e0 toi ! \u00bb (&#8230;)<\/p>\n<p>L&rsquo;auteur de la Loi s&rsquo;est incarn\u00e9 sous la Loi (Ga 4,4), le Fils intemporel est n\u00e9 de la Vierge, le Cr\u00e9ateur de l&rsquo;univers est couch\u00e9 dans la cr\u00e8che. Celui que le P\u00e8re engendre \u00e9ternellement, sans m\u00e8re dans les cieux, est n\u00e9 de la Vierge, sans p\u00e8re sur la terre. Peuples, disons : \u00ab B\u00e9ni sois-tu, notre Dieu nouveau-n\u00e9, gloire \u00e0 toi ! \u00bb<\/p>\n<p>En v\u00e9rit\u00e9, la joie vient de na\u00eetre dans l&rsquo;\u00e9table. Aujourd&rsquo;hui les ch\u0153urs ang\u00e9liques se r\u00e9jouissent ; toutes les nations c\u00e9l\u00e8brent la Vierge immacul\u00e9e ; notre anc\u00eatre Adam danse de joie, car aujourd&rsquo;hui est n\u00e9 le Sauveur. Peuples, disons : \u00ab B\u00e9ni sois-tu, notre Dieu nouveau-n\u00e9, gloire \u00e0 toi ! \u00bb<\/p>\n<h3 class=\"GospelCommentaryAuthor-name commentary-author font-2\">Saint Romanos le M\u00e9lode (?-v. 560)<\/h3>\n<p>&nbsp;<\/p>\n<p>&nbsp;<\/p>\n<p>&nbsp;<\/p>\n","protected":false},"excerpt":{"rendered":"<p>\u00c9coutez, bergers, le son des trompettes ; (&#8230;) Le Verbe est enfant\u00e9, Dieu est manifest\u00e9 au monde ! Et vous, filles de rois, entrez dans la joie de la M\u00e8re de Dieu (cf Ps 44,10). Peuples, disons : \u00ab B\u00e9ni sois-tu, notre Dieu nouveau-n\u00e9, gloire \u00e0 toi ! \u00bb La Vierge, qui ne conna\u00eet pas [&hellip;]<\/p>\n","protected":false},"author":2,"featured_media":0,"comment_status":"closed","ping_status":"closed","sticky":false,"template":"","format":"standard","meta":{"footnotes":""},"categories":[3,13],"tags":[707,715,1077],"class_list":["post-21074","post","type-post","status-publish","format-standard","hentry","category-liturgique","category-ecritures","tag-nativite","tag-noel","tag-st-romanos-le-melode"],"_links":{"self":[{"href":"https:\/\/www.associationdemarie.org\/blog\/wp-json\/wp\/v2\/posts\/21074","targetHints":{"allow":["GET"]}}],"collection":[{"href":"https:\/\/www.associationdemarie.org\/blog\/wp-json\/wp\/v2\/posts"}],"about":[{"href":"https:\/\/www.associationdemarie.org\/blog\/wp-json\/wp\/v2\/types\/post"}],"author":[{"embeddable":true,"href":"https:\/\/www.associationdemarie.org\/blog\/wp-json\/wp\/v2\/users\/2"}],"replies":[{"embeddable":true,"href":"https:\/\/www.associationdemarie.org\/blog\/wp-json\/wp\/v2\/comments?post=21074"}],"version-history":[{"count":1,"href":"https:\/\/www.associationdemarie.org\/blog\/wp-json\/wp\/v2\/posts\/21074\/revisions"}],"predecessor-version":[{"id":21076,"href":"https:\/\/www.associationdemarie.org\/blog\/wp-json\/wp\/v2\/posts\/21074\/revisions\/21076"}],"wp:attachment":[{"href":"https:\/\/www.associationdemarie.org\/blog\/wp-json\/wp\/v2\/media?parent=21074"}],"wp:term":[{"taxonomy":"category","embeddable":true,"href":"https:\/\/www.associationdemarie.org\/blog\/wp-json\/wp\/v2\/categories?post=21074"},{"taxonomy":"post_tag","embeddable":true,"href":"https:\/\/www.associationdemarie.org\/blog\/wp-json\/wp\/v2\/tags?post=21074"}],"curies":[{"name":"wp","href":"https:\/\/api.w.org\/{rel}","templated":true}]}}