{"id":21067,"date":"2021-12-23T01:37:08","date_gmt":"2021-12-23T00:37:08","guid":{"rendered":"http:\/\/www.associationdemarie.org\/blog\/?p=21067"},"modified":"2021-12-02T07:39:44","modified_gmt":"2021-12-02T06:39:44","slug":"il-parlait-et-il-benissait-dieu-2","status":"publish","type":"post","link":"https:\/\/www.associationdemarie.org\/blog\/il-parlait-et-il-benissait-dieu-2\/","title":{"rendered":"\u00ab Il parlait et il b\u00e9nissait Dieu. \u00bb"},"content":{"rendered":"<p><img loading=\"lazy\" decoding=\"async\" class=\"aligncenter  wp-image-21068\" src=\"https:\/\/www.associationdemarie.org\/blog\/wp-content\/uploads\/2021\/12\/23-12.jpg\" alt=\"\" width=\"409\" height=\"402\" srcset=\"https:\/\/www.associationdemarie.org\/blog\/wp-content\/uploads\/2021\/12\/23-12.jpg 960w, https:\/\/www.associationdemarie.org\/blog\/wp-content\/uploads\/2021\/12\/23-12-300x295.jpg 300w, https:\/\/www.associationdemarie.org\/blog\/wp-content\/uploads\/2021\/12\/23-12-768x755.jpg 768w\" sizes=\"auto, (max-width: 409px) 100vw, 409px\" \/><\/p>\n<p>Par sa naissance, saint Jean<br \/>\nmit fin au silence de Zacharie :<br \/>\nd\u00e9sormais ne pouvait plus se taire<br \/>\ncelui qui engendra la Voix criant dans le d\u00e9sert (Mt 3,3)<br \/>\net annon\u00e7ant d&rsquo;avance la venue du Christ.<br \/>\nMais comme l&rsquo;incr\u00e9dulit\u00e9 \u00e0 son sujet<br \/>\navait encha\u00een\u00e9 la langue du p\u00e8re tout d&rsquo;abord,<br \/>\nsa manifestation lui redonne la libert\u00e9 ;<br \/>\nainsi fut annonc\u00e9e, puis enfant\u00e9e<br \/>\nla Voix du Verbe, le Pr\u00e9curseur de la Clart\u00e9,<br \/>\nqui interc\u00e8de pour nos \u00e2mes.<\/p>\n<p>En ce jour la Voix du Verbe d\u00e9lie<br \/>\nla voix paternelle encha\u00een\u00e9e par son manque de foi ;<br \/>\nde l&rsquo;\u00c9glise elle manifeste la f\u00e9condit\u00e9,<br \/>\nfaisant cesser la maternelle st\u00e9rilit\u00e9.<br \/>\nDevant la lumi\u00e8re s&rsquo;avance le chandelier,<br \/>\ndu Soleil de justice voici le reflet (Ml 3,20),<br \/>\nle rayon qui annonce sa venue<br \/>\npour l&rsquo;universelle restauration<br \/>\net le salut de nos \u00e2mes.<\/p>\n<p>Voici que s&rsquo;avance, d&rsquo;un sein st\u00e9rile,<br \/>\nle Messager du Verbe divin<br \/>\nqui lui-m\u00eame devait na\u00eetre d&rsquo;un sein virginal,<br \/>\nde tous les fils de femme le plus grand (Mt 11,11),<br \/>\nle Proph\u00e8te qui n&rsquo;a pas d&rsquo;\u00e9gal ;<br \/>\ncar les choses divines ont besoin d&rsquo;un d\u00e9but merveilleux,<br \/>\nque ce soit la f\u00e9condit\u00e9 d&rsquo;un \u00e2ge avanc\u00e9 (Lc 1,7)<br \/>\nou que sans semence s&rsquo;op\u00e8re la conception.<br \/>\nDieu qui fais des merveilles pour notre salut, gloire \u00e0 toi. (&#8230;)<\/p>\n<p>Ap\u00f4tre universel,<br \/>\nobjet de l&rsquo;annonce de Gabriel (Lc 1,36),<br \/>\nrejeton de la St\u00e9rile et plus beau fleuron du d\u00e9sert,<br \/>\nami intime de l&rsquo;\u00c9poux (Jn 3,29),<br \/>\nproph\u00e8te digne d&rsquo;acclamation,<br \/>\nprie le Christ de prendre nos \u00e2mes en piti\u00e9.<\/p>\n<h3 class=\"GospelCommentaryAuthor-name commentary-author font-2\">Liturgie byzantine<\/h3>\n<p>&nbsp;<\/p>\n<p>&nbsp;<\/p>\n<p>&nbsp;<\/p>\n<p>&nbsp;<\/p>\n","protected":false},"excerpt":{"rendered":"<p>Par sa naissance, saint Jean mit fin au silence de Zacharie : d\u00e9sormais ne pouvait plus se taire celui qui engendra la Voix criant dans le d\u00e9sert (Mt 3,3) et annon\u00e7ant d&rsquo;avance la venue du Christ. Mais comme l&rsquo;incr\u00e9dulit\u00e9 \u00e0 son sujet avait encha\u00een\u00e9 la langue du p\u00e8re tout d&rsquo;abord, sa manifestation lui redonne la [&hellip;]<\/p>\n","protected":false},"author":2,"featured_media":0,"comment_status":"closed","ping_status":"closed","sticky":false,"template":"","format":"standard","meta":{"footnotes":""},"categories":[3,28],"tags":[127,1042,1209],"class_list":["post-21067","post","type-post","status-publish","format-standard","hentry","category-liturgique","category-saints-et-saintes","tag-avent","tag-st-jean-baptiste","tag-zacharie"],"_links":{"self":[{"href":"https:\/\/www.associationdemarie.org\/blog\/wp-json\/wp\/v2\/posts\/21067","targetHints":{"allow":["GET"]}}],"collection":[{"href":"https:\/\/www.associationdemarie.org\/blog\/wp-json\/wp\/v2\/posts"}],"about":[{"href":"https:\/\/www.associationdemarie.org\/blog\/wp-json\/wp\/v2\/types\/post"}],"author":[{"embeddable":true,"href":"https:\/\/www.associationdemarie.org\/blog\/wp-json\/wp\/v2\/users\/2"}],"replies":[{"embeddable":true,"href":"https:\/\/www.associationdemarie.org\/blog\/wp-json\/wp\/v2\/comments?post=21067"}],"version-history":[{"count":1,"href":"https:\/\/www.associationdemarie.org\/blog\/wp-json\/wp\/v2\/posts\/21067\/revisions"}],"predecessor-version":[{"id":21069,"href":"https:\/\/www.associationdemarie.org\/blog\/wp-json\/wp\/v2\/posts\/21067\/revisions\/21069"}],"wp:attachment":[{"href":"https:\/\/www.associationdemarie.org\/blog\/wp-json\/wp\/v2\/media?parent=21067"}],"wp:term":[{"taxonomy":"category","embeddable":true,"href":"https:\/\/www.associationdemarie.org\/blog\/wp-json\/wp\/v2\/categories?post=21067"},{"taxonomy":"post_tag","embeddable":true,"href":"https:\/\/www.associationdemarie.org\/blog\/wp-json\/wp\/v2\/tags?post=21067"}],"curies":[{"name":"wp","href":"https:\/\/api.w.org\/{rel}","templated":true}]}}