{"id":2106,"date":"2010-12-26T01:01:27","date_gmt":"2010-12-26T01:01:27","guid":{"rendered":"http:\/\/preprod.meltem-int.com\/marie\/blog\/?p=2106"},"modified":"2010-12-26T01:01:27","modified_gmt":"2010-12-26T01:01:27","slug":"fete-de-la-sainte-famille-de-jesus-marie-et-joseph","status":"publish","type":"post","link":"https:\/\/www.associationdemarie.org\/blog\/fete-de-la-sainte-famille-de-jesus-marie-et-joseph\/","title":{"rendered":"F\u00eate de la Sainte Famille de J\u00e9sus, Marie et Joseph"},"content":{"rendered":"<p><strong><a href=\"https:\/\/www.associationdemarie.org\/blog\/wp-content\/uploads\/2010\/12\/sainte_famille.jpg\"><img loading=\"lazy\" decoding=\"async\" class=\"alignright size-full wp-image-2107\" title=\"sainte_famille\" src=\"https:\/\/www.associationdemarie.org\/blog\/wp-content\/uploads\/2010\/12\/sainte_famille.jpg\" alt=\"\" width=\"200\" height=\"253\" \/><\/a>\u00c9vangile de J\u00e9sus-Christ selon saint Matthieu 2,13-15.19-23.<\/strong><br \/>\n<span>A<\/span>pr\u00e8s la visite des mages \u00e0 Bethl\u00e9em, l&rsquo;ange du Seigneur appara\u00eet en songe \u00e0 Joseph et lui dit\u00a0: \u00ab\u00a0L\u00e8ve-toi\u00a0; prends l&rsquo;enfant et sa m\u00e8re, et fuis en \u00c9gypte. Reste l\u00e0-bas jusqu&rsquo;\u00e0 ce que je t&rsquo;avertisse, car H\u00e9rode va rechercher l&rsquo;enfant pour le faire p\u00e9rir.\u00a0\u00bb<br \/>\nJoseph se leva\u00a0; dans la nuit, il prit l&rsquo;enfant et sa m\u00e8re, et se retira en \u00c9gypte,<br \/>\no\u00f9 il resta jusqu&rsquo;\u00e0 la mort d&rsquo;H\u00e9rode. Ainsi s&rsquo;accomplit ce que le Seigneur avait dit par le proph\u00e8te\u00a0: D&rsquo;\u00c9gypte, j&rsquo;ai appel\u00e9 mon fils.<br \/>\nApr\u00e8s la mort d&rsquo;H\u00e9rode, l&rsquo;ange du Seigneur appara\u00eet en songe \u00e0 Joseph en \u00c9gypte<br \/>\net lui dit\u00a0: \u00ab\u00a0L\u00e8ve-toi\u00a0; prends l&rsquo;enfant et sa m\u00e8re, et reviens au pays d&rsquo;Isra\u00ebl, car ils sont morts, ceux qui en voulaient \u00e0 la vie de l&rsquo;enfant.\u00a0\u00bb<br \/>\nJoseph se leva, prit l&rsquo;enfant et sa m\u00e8re, et rentra au pays d&rsquo;Isra\u00ebl.<br \/>\nMais, apprenant qu&rsquo;Ark\u00e9la\u00fcs r\u00e9gnait sur la Jud\u00e9e \u00e0 la place de son p\u00e8re H\u00e9rode, il eut peur de s&rsquo;y rendre. Averti en songe, il se retira dans la r\u00e9gion de Galil\u00e9e<br \/>\net vint habiter dans une ville appel\u00e9e Nazareth. Ainsi s&rsquo;accomplit ce que le Seigneur avait dit par les proph\u00e8tes\u00a0: Il sera appel\u00e9 Nazar\u00e9en.<\/p>\n","protected":false},"excerpt":{"rendered":"<p>\u00c9vangile de J\u00e9sus-Christ selon saint Matthieu 2,13-15.19-23. Apr\u00e8s la visite des mages \u00e0 Bethl\u00e9em, l&rsquo;ange du Seigneur appara\u00eet en songe \u00e0 Joseph et lui dit\u00a0: \u00ab\u00a0L\u00e8ve-toi\u00a0; prends l&rsquo;enfant et sa m\u00e8re, et fuis en \u00c9gypte. Reste l\u00e0-bas jusqu&rsquo;\u00e0 ce que je t&rsquo;avertisse, car H\u00e9rode va rechercher l&rsquo;enfant pour le faire p\u00e9rir.\u00a0\u00bb Joseph se leva\u00a0; dans [&hellip;]<\/p>\n","protected":false},"author":2,"featured_media":0,"comment_status":"closed","ping_status":"closed","sticky":false,"template":"","format":"standard","meta":{"footnotes":""},"categories":[3,4,13,28],"tags":[535,636,1049,1093],"class_list":["post-2106","post","type-post","status-publish","format-standard","hentry","category-liturgique","category-iconographie","category-ecritures","category-saints-et-saintes","tag-jesus","tag-marie","tag-st-joseph","tag-ste-famille"],"_links":{"self":[{"href":"https:\/\/www.associationdemarie.org\/blog\/wp-json\/wp\/v2\/posts\/2106","targetHints":{"allow":["GET"]}}],"collection":[{"href":"https:\/\/www.associationdemarie.org\/blog\/wp-json\/wp\/v2\/posts"}],"about":[{"href":"https:\/\/www.associationdemarie.org\/blog\/wp-json\/wp\/v2\/types\/post"}],"author":[{"embeddable":true,"href":"https:\/\/www.associationdemarie.org\/blog\/wp-json\/wp\/v2\/users\/2"}],"replies":[{"embeddable":true,"href":"https:\/\/www.associationdemarie.org\/blog\/wp-json\/wp\/v2\/comments?post=2106"}],"version-history":[{"count":0,"href":"https:\/\/www.associationdemarie.org\/blog\/wp-json\/wp\/v2\/posts\/2106\/revisions"}],"wp:attachment":[{"href":"https:\/\/www.associationdemarie.org\/blog\/wp-json\/wp\/v2\/media?parent=2106"}],"wp:term":[{"taxonomy":"category","embeddable":true,"href":"https:\/\/www.associationdemarie.org\/blog\/wp-json\/wp\/v2\/categories?post=2106"},{"taxonomy":"post_tag","embeddable":true,"href":"https:\/\/www.associationdemarie.org\/blog\/wp-json\/wp\/v2\/tags?post=2106"}],"curies":[{"name":"wp","href":"https:\/\/api.w.org\/{rel}","templated":true}]}}