{"id":21036,"date":"2021-12-13T01:57:11","date_gmt":"2021-12-13T00:57:11","guid":{"rendered":"http:\/\/www.associationdemarie.org\/blog\/?p=21036"},"modified":"2021-11-22T06:59:30","modified_gmt":"2021-11-22T05:59:30","slug":"pourquoi-donc-navez-vous-pas-cru-a-sa-parole","status":"publish","type":"post","link":"https:\/\/www.associationdemarie.org\/blog\/pourquoi-donc-navez-vous-pas-cru-a-sa-parole\/","title":{"rendered":"\u00ab Pourquoi donc n&rsquo;avez-vous pas cru \u00e0 sa parole ? \u00bb"},"content":{"rendered":"<p><img loading=\"lazy\" decoding=\"async\" class=\"aligncenter  wp-image-21037\" src=\"https:\/\/www.associationdemarie.org\/blog\/wp-content\/uploads\/2021\/11\/200397018-0011.jpg\" alt=\"\" width=\"492\" height=\"329\" srcset=\"https:\/\/www.associationdemarie.org\/blog\/wp-content\/uploads\/2021\/11\/200397018-0011.jpg 726w, https:\/\/www.associationdemarie.org\/blog\/wp-content\/uploads\/2021\/11\/200397018-0011-300x200.jpg 300w\" sizes=\"auto, (max-width: 492px) 100vw, 492px\" \/><\/p>\n<p>Les proph\u00e8tes ont \u00e9t\u00e9 envoy\u00e9s avec Mo\u00efse pour gu\u00e9rir Isra\u00ebl ; mais ils soignaient dans les larmes, n&rsquo;arrivant pas \u00e0 dominer le mal, comme l&rsquo;un d&rsquo;eux l&rsquo;a dit : \u00ab Malheur \u00e0 moi ! Les hommes fid\u00e8les ont disparu de la terre \u00bb (Mi 7,1-2). (&#8230;) Grande \u00e9tait la blessure de l&rsquo;humanit\u00e9 ; des pieds \u00e0 la t\u00eate, pas une place saine, pas d&rsquo;endroit o\u00f9 mettre bande, ni huile, ni pansement (Is 1,6). Les proph\u00e8tes \u00e9puis\u00e9s par les larmes disaient : \u00ab Qui donnera de Sion le rem\u00e8de sauveur ? \u00bb (Ps 13,7). (&#8230;) Et un autre proph\u00e8te supplie en ces termes : \u00ab Seigneur, abaisse les cieux et descends \u00bb (Ps 143,5). Les blessures de l&rsquo;humanit\u00e9 d\u00e9passent nos rem\u00e8des. Ils ont mis \u00e0 mort les proph\u00e8tes et ruin\u00e9 tes autels (1R 19,10). Notre mis\u00e8re ne peut pas \u00eatre gu\u00e9rie par nous ; c&rsquo;est toi qu&rsquo;il nous faut pour nous relever.<\/p>\n<p>Le Seigneur a exauc\u00e9 la pri\u00e8re des proph\u00e8tes. Le P\u00e8re n&rsquo;a pas m\u00e9pris\u00e9 notre race meurtrie ; il a envoy\u00e9 du ciel son propre Fils comme m\u00e9decin. \u00ab Il vient, le Seigneur que vous cherchez, et il va venir soudain \u00bb dit un proph\u00e8te. O\u00f9 ? \u00ab Dans son Temple \u00bb (Ml 3,1), l\u00e0 o\u00f9 vous avez lapid\u00e9 son proph\u00e8te (2Ch 24,21). (&#8230;) Dieu lui-m\u00eame a dit encore : \u00ab Voici que je viens et j&rsquo;habiterai au milieu de toi, et des peuples nombreux se r\u00e9fugieront aupr\u00e8s du Seigneur \u00bb (Za 2,14-15). (&#8230;) Maintenant je viens rassembler tous les peuples de toutes les langues, car \u00ab il est venu chez lui et les siens ne l&rsquo;ont pas re\u00e7u \u00bb (Jn 1,11).<\/p>\n<p>Tu viens ; et que donnes-tu aux nations ? \u00ab Je viens rassembler tous les peuples et je vais mettre chez eux un signe \u00bb (Is 66,18-19). En effet, \u00e0 la suite de mon combat sur la croix, je donne \u00e0 chacun de mes soldats de porter sur le front le sceau royal (Ap 7,3). Un autre proph\u00e8te a dit : \u00ab Il a inclin\u00e9 les cieux et il est descendu, avec une nu\u00e9e sous ses pieds \u00bb (Ps 17,10). Mais sa descente des cieux est demeur\u00e9e inconnue des hommes.<\/p>\n<h3>\nSaint Cyrille de J\u00e9rusalem (313-350)<\/h3>\n<p>&nbsp;<\/p>\n<p>&nbsp;<\/p>\n","protected":false},"excerpt":{"rendered":"<p>Les proph\u00e8tes ont \u00e9t\u00e9 envoy\u00e9s avec Mo\u00efse pour gu\u00e9rir Isra\u00ebl ; mais ils soignaient dans les larmes, n&rsquo;arrivant pas \u00e0 dominer le mal, comme l&rsquo;un d&rsquo;eux l&rsquo;a dit : \u00ab Malheur \u00e0 moi ! Les hommes fid\u00e8les ont disparu de la terre \u00bb (Mi 7,1-2). (&#8230;) Grande \u00e9tait la blessure de l&rsquo;humanit\u00e9 ; des pieds [&hellip;]<\/p>\n","protected":false},"author":2,"featured_media":0,"comment_status":"closed","ping_status":"closed","sticky":false,"template":"","format":"standard","meta":{"footnotes":""},"categories":[13,1261],"tags":[770,1499],"class_list":["post-21036","post","type-post","status-publish","format-standard","hentry","category-ecritures","category-enseignement-2","tag-parole","tag-st-cyrille-de-jerusalem"],"_links":{"self":[{"href":"https:\/\/www.associationdemarie.org\/blog\/wp-json\/wp\/v2\/posts\/21036","targetHints":{"allow":["GET"]}}],"collection":[{"href":"https:\/\/www.associationdemarie.org\/blog\/wp-json\/wp\/v2\/posts"}],"about":[{"href":"https:\/\/www.associationdemarie.org\/blog\/wp-json\/wp\/v2\/types\/post"}],"author":[{"embeddable":true,"href":"https:\/\/www.associationdemarie.org\/blog\/wp-json\/wp\/v2\/users\/2"}],"replies":[{"embeddable":true,"href":"https:\/\/www.associationdemarie.org\/blog\/wp-json\/wp\/v2\/comments?post=21036"}],"version-history":[{"count":1,"href":"https:\/\/www.associationdemarie.org\/blog\/wp-json\/wp\/v2\/posts\/21036\/revisions"}],"predecessor-version":[{"id":21038,"href":"https:\/\/www.associationdemarie.org\/blog\/wp-json\/wp\/v2\/posts\/21036\/revisions\/21038"}],"wp:attachment":[{"href":"https:\/\/www.associationdemarie.org\/blog\/wp-json\/wp\/v2\/media?parent=21036"}],"wp:term":[{"taxonomy":"category","embeddable":true,"href":"https:\/\/www.associationdemarie.org\/blog\/wp-json\/wp\/v2\/categories?post=21036"},{"taxonomy":"post_tag","embeddable":true,"href":"https:\/\/www.associationdemarie.org\/blog\/wp-json\/wp\/v2\/tags?post=21036"}],"curies":[{"name":"wp","href":"https:\/\/api.w.org\/{rel}","templated":true}]}}