{"id":21031,"date":"2021-12-12T01:47:12","date_gmt":"2021-12-12T00:47:12","guid":{"rendered":"http:\/\/www.associationdemarie.org\/blog\/?p=21031"},"modified":"2021-11-21T09:49:23","modified_gmt":"2021-11-21T08:49:23","slug":"la-voix-de-la-grace","status":"publish","type":"post","link":"https:\/\/www.associationdemarie.org\/blog\/la-voix-de-la-grace\/","title":{"rendered":"La voix de la gr\u00e2ce"},"content":{"rendered":"<p><img loading=\"lazy\" decoding=\"async\" class=\"aligncenter wp-image-21032\" src=\"https:\/\/www.associationdemarie.org\/blog\/wp-content\/uploads\/2021\/11\/unnamed-1.jpg\" alt=\"\" width=\"449\" height=\"449\" srcset=\"https:\/\/www.associationdemarie.org\/blog\/wp-content\/uploads\/2021\/11\/unnamed-1.jpg 512w, https:\/\/www.associationdemarie.org\/blog\/wp-content\/uploads\/2021\/11\/unnamed-1-150x150.jpg 150w, https:\/\/www.associationdemarie.org\/blog\/wp-content\/uploads\/2021\/11\/unnamed-1-300x300.jpg 300w\" sizes=\"auto, (max-width: 449px) 100vw, 449px\" \/><\/p>\n<p>La conscience est la voix de Dieu. Dans la plupart des hommes, cette voix est ou m\u00e9pris\u00e9e, ou mal entendue, ou enti\u00e8rement \u00e9teinte. Elle est m\u00e9pris\u00e9e en ceux qui ne veulent rien faire de ce qu\u2019elle dit ; mal entendue en ceux qui lui font dire tout ce qu\u2019ils veulent ; \u00e9teinte en ceux qui la m\u00e9prisent sans en recevoir de reproche. Le dernier de ces \u00e9tats est sans doute le pire, puisqu\u2019il est malais\u00e9 d\u2019en sortir et que c\u2019est un \u00e9tat d\u00e9sesp\u00e9r\u00e9. Mais les autres conduisent \u00e0 celui-ci, et, \u00e0 cela pr\u00e8s qu\u2019on en sort plus ais\u00e9ment que du dernier, on peut dire qu\u2019ils sont pires. Le dernier est la peine des autres.<\/p>\n<p>On m\u00e9prise cette voix, c\u2019est le premier pas. Elle nous avertit du mal que nous avons fait, de celui que nous devons \u00e9viter, du bien que nous pouvons faire. Pour une fois que nous ob\u00e9issons, combien de fois m\u00e9prisons-nous cette voix ? Cependant c\u2019est la voix de la raison, c\u2019est la voix de l\u2019homme, c\u2019est notre propre jugement, c\u2019est ce que nous estimons le plus raisonnable. Voil\u00e0 pourquoi Dieu ne nous condamnera que sur le jugement que nous avons fait nous-m\u00eames de nous-m\u00eames. C\u2019est la voix de la gr\u00e2ce. Cet avis, ce bon conseil que vous recevez dans le fond de votre c\u0153ur, c\u2019est le prix du sang de J\u00e9sus Christ, c\u2019est le germe de l\u2019\u00e9ternit\u00e9, c\u2019est la voix du Saint Esprit.<\/p>\n<h3>Saint Claude la Colombi\u00e8re (1641-1682)<\/h3>\n<p>&nbsp;<\/p>\n<p>&nbsp;<\/p>\n<p>&nbsp;<\/p>\n","protected":false},"excerpt":{"rendered":"<p>La conscience est la voix de Dieu. Dans la plupart des hommes, cette voix est ou m\u00e9pris\u00e9e, ou mal entendue, ou enti\u00e8rement \u00e9teinte. Elle est m\u00e9pris\u00e9e en ceux qui ne veulent rien faire de ce qu\u2019elle dit ; mal entendue en ceux qui lui font dire tout ce qu\u2019ils veulent ; \u00e9teinte en ceux qui [&hellip;]<\/p>\n","protected":false},"author":2,"featured_media":0,"comment_status":"closed","ping_status":"closed","sticky":false,"template":"","format":"standard","meta":{"footnotes":""},"categories":[13,1261],"tags":[1376,457,1530],"class_list":["post-21031","post","type-post","status-publish","format-standard","hentry","category-ecritures","category-enseignement-2","tag-conscience","tag-grace","tag-st-claude-la-colombiere"],"_links":{"self":[{"href":"https:\/\/www.associationdemarie.org\/blog\/wp-json\/wp\/v2\/posts\/21031","targetHints":{"allow":["GET"]}}],"collection":[{"href":"https:\/\/www.associationdemarie.org\/blog\/wp-json\/wp\/v2\/posts"}],"about":[{"href":"https:\/\/www.associationdemarie.org\/blog\/wp-json\/wp\/v2\/types\/post"}],"author":[{"embeddable":true,"href":"https:\/\/www.associationdemarie.org\/blog\/wp-json\/wp\/v2\/users\/2"}],"replies":[{"embeddable":true,"href":"https:\/\/www.associationdemarie.org\/blog\/wp-json\/wp\/v2\/comments?post=21031"}],"version-history":[{"count":3,"href":"https:\/\/www.associationdemarie.org\/blog\/wp-json\/wp\/v2\/posts\/21031\/revisions"}],"predecessor-version":[{"id":21035,"href":"https:\/\/www.associationdemarie.org\/blog\/wp-json\/wp\/v2\/posts\/21031\/revisions\/21035"}],"wp:attachment":[{"href":"https:\/\/www.associationdemarie.org\/blog\/wp-json\/wp\/v2\/media?parent=21031"}],"wp:term":[{"taxonomy":"category","embeddable":true,"href":"https:\/\/www.associationdemarie.org\/blog\/wp-json\/wp\/v2\/categories?post=21031"},{"taxonomy":"post_tag","embeddable":true,"href":"https:\/\/www.associationdemarie.org\/blog\/wp-json\/wp\/v2\/tags?post=21031"}],"curies":[{"name":"wp","href":"https:\/\/api.w.org\/{rel}","templated":true}]}}