{"id":21025,"date":"2021-12-10T01:40:45","date_gmt":"2021-12-10T00:40:45","guid":{"rendered":"http:\/\/www.associationdemarie.org\/blog\/?p=21025"},"modified":"2021-11-19T09:43:18","modified_gmt":"2021-11-19T08:43:18","slug":"la-sagesse-de-dieu-a-ete-reconnue-juste-a-travers-ce-quelle-fait","status":"publish","type":"post","link":"https:\/\/www.associationdemarie.org\/blog\/la-sagesse-de-dieu-a-ete-reconnue-juste-a-travers-ce-quelle-fait\/","title":{"rendered":"\u00ab La sagesse de Dieu a \u00e9t\u00e9 reconnue juste \u00e0 travers ce qu\u2019elle fait. \u00bb"},"content":{"rendered":"<p><img loading=\"lazy\" decoding=\"async\" class=\"aligncenter  wp-image-21026\" src=\"https:\/\/www.associationdemarie.org\/blog\/wp-content\/uploads\/2021\/11\/47c59e4722960264e9ecf2927cd9abc6.jpg\" alt=\"\" width=\"463\" height=\"278\" srcset=\"https:\/\/www.associationdemarie.org\/blog\/wp-content\/uploads\/2021\/11\/47c59e4722960264e9ecf2927cd9abc6.jpg 680w, https:\/\/www.associationdemarie.org\/blog\/wp-content\/uploads\/2021\/11\/47c59e4722960264e9ecf2927cd9abc6-300x180.jpg 300w\" sizes=\"auto, (max-width: 463px) 100vw, 463px\" \/><\/p>\n<p>Si, comme dit l\u2019Eccl\u00e9siate (Qo 3,1), il y a un temps pour chaque chose sous le soleil, \u2012 et par \u201cchaque chose\u201d nous devons entendre tout ce qui concerne notre saint genre de vie, \u2012 faisons donc bien attention, je vous prie, et cherchons \u00e0 chaque moment ce qui convient \u00e0 ce temps.<\/p>\n<p>Il est certain, en effet, que pour ceux qui combattent, il y a un temps pour l\u2019impassibilit\u00e9, et un temps pour la domination des passions (\u2026) ; il y a un temps pour les larmes, et un temps pour la duret\u00e9 de c\u0153ur ; un temps pour ob\u00e9ir, et un temps pour commander ; un temps pour je\u00fbner, et un temps pour prendre part aux repas ; un temps pour combattre le corps, notre ennemi, et un temps o\u00f9 le feu est mort ; un temps de temp\u00eate pour l\u2019\u00e2me, et un temps de calme de l\u2019esprit ; un temps de tristesse du c\u0153ur, et un temps de joie spirituelle ; un temps pour enseigner, et un temps pour \u00e9couter ; un temps pour les souillures, peut-\u00eatre \u00e0 cause de notre orgueil, et un temps de purification par l\u2019humilit\u00e9 ; un temps pour le combat, et un temps de tr\u00eave loin du danger ; un temps pour l\u2019h\u00e9sychia*, et un temps pour se livrer sans distractions \u00e0 l\u2019activit\u00e9 ; un temps pour la pri\u00e8re continuelle, et un temps pour le service sinc\u00e8re.<\/p>\n<p>Ne nous laissons donc pas abuser par un z\u00e8le orgueilleux qui nous pousserait \u00e0 rechercher avant le temps ce qui viendra en son temps. C&rsquo;est-\u00e0-dire, ne cherchons pas en hiver ce qui doit venir en \u00e9t\u00e9, ou au temps des semailles ce qui doit venir au temps de la moisson ; car il y a un temps pour semer les labeurs, et un temps pour r\u00e9colter les ineffables dons de la gr\u00e2ce. Autrement, m\u00eame le temps venu, nous ne recevrons pas ce qui est propre \u00e0 ce temps.<\/p>\n<h3>\nSaint Jean Climaque (v. 575-v. 650)<\/h3>\n<p>(* H\u00e9sychia : terme grec signifiant : paix, silence, repos)<\/p>\n","protected":false},"excerpt":{"rendered":"<p>Si, comme dit l\u2019Eccl\u00e9siate (Qo 3,1), il y a un temps pour chaque chose sous le soleil, \u2012 et par \u201cchaque chose\u201d nous devons entendre tout ce qui concerne notre saint genre de vie, \u2012 faisons donc bien attention, je vous prie, et cherchons \u00e0 chaque moment ce qui convient \u00e0 ce temps. Il est [&hellip;]<\/p>\n","protected":false},"author":2,"featured_media":0,"comment_status":"closed","ping_status":"closed","sticky":false,"template":"","format":"standard","meta":{"footnotes":""},"categories":[3,13,1261],"tags":[127,295,1292,920,1425],"class_list":["post-21025","post","type-post","status-publish","format-standard","hentry","category-liturgique","category-ecritures","category-enseignement-2","tag-avent","tag-dieu","tag-livre-de-lecclesiaste","tag-sagesse","tag-st-jean-climaque"],"_links":{"self":[{"href":"https:\/\/www.associationdemarie.org\/blog\/wp-json\/wp\/v2\/posts\/21025","targetHints":{"allow":["GET"]}}],"collection":[{"href":"https:\/\/www.associationdemarie.org\/blog\/wp-json\/wp\/v2\/posts"}],"about":[{"href":"https:\/\/www.associationdemarie.org\/blog\/wp-json\/wp\/v2\/types\/post"}],"author":[{"embeddable":true,"href":"https:\/\/www.associationdemarie.org\/blog\/wp-json\/wp\/v2\/users\/2"}],"replies":[{"embeddable":true,"href":"https:\/\/www.associationdemarie.org\/blog\/wp-json\/wp\/v2\/comments?post=21025"}],"version-history":[{"count":1,"href":"https:\/\/www.associationdemarie.org\/blog\/wp-json\/wp\/v2\/posts\/21025\/revisions"}],"predecessor-version":[{"id":21027,"href":"https:\/\/www.associationdemarie.org\/blog\/wp-json\/wp\/v2\/posts\/21025\/revisions\/21027"}],"wp:attachment":[{"href":"https:\/\/www.associationdemarie.org\/blog\/wp-json\/wp\/v2\/media?parent=21025"}],"wp:term":[{"taxonomy":"category","embeddable":true,"href":"https:\/\/www.associationdemarie.org\/blog\/wp-json\/wp\/v2\/categories?post=21025"},{"taxonomy":"post_tag","embeddable":true,"href":"https:\/\/www.associationdemarie.org\/blog\/wp-json\/wp\/v2\/tags?post=21025"}],"curies":[{"name":"wp","href":"https:\/\/api.w.org\/{rel}","templated":true}]}}