{"id":2102,"date":"2010-12-27T00:56:50","date_gmt":"2010-12-27T00:56:50","guid":{"rendered":"http:\/\/preprod.meltem-int.com\/marie\/blog\/?p=2102"},"modified":"2010-12-27T00:56:50","modified_gmt":"2010-12-27T00:56:50","slug":"fete-de-saint-jean-apotre-et-evangeliste","status":"publish","type":"post","link":"https:\/\/www.associationdemarie.org\/blog\/fete-de-saint-jean-apotre-et-evangeliste\/","title":{"rendered":"F\u00eate de Saint Jean, ap\u00f4tre et \u00e9vang\u00e9liste"},"content":{"rendered":"<p><strong><a href=\"https:\/\/www.associationdemarie.org\/blog\/wp-content\/uploads\/2010\/12\/St-Jean.jpg\"><img loading=\"lazy\" decoding=\"async\" class=\"alignleft size-medium wp-image-2103\" title=\"St Jean\" src=\"https:\/\/www.associationdemarie.org\/blog\/wp-content\/uploads\/2010\/12\/St-Jean-238x300.jpg\" alt=\"\" width=\"238\" height=\"300\" srcset=\"https:\/\/www.associationdemarie.org\/blog\/wp-content\/uploads\/2010\/12\/St-Jean-238x300.jpg 238w, https:\/\/www.associationdemarie.org\/blog\/wp-content\/uploads\/2010\/12\/St-Jean.jpg 378w\" sizes=\"auto, (max-width: 238px) 100vw, 238px\" \/><\/a>Premi\u00e8re lettre de saint Jean 1,1-4.<\/strong><br \/>\nCe qui \u00e9tait depuis le commencement, ce que nous avons entendu, ce que nous avons contempl\u00e9 de nos yeux, ce que nous avons vu et que nos mains ont touch\u00e9, c&rsquo;est le Verbe, la Parole de la vie.<br \/>\nOui, la vie s&rsquo;est manifest\u00e9e, nous l&rsquo;avons contempl\u00e9e, et nous portons t\u00e9moignage : nous vous annon\u00e7ons cette vie \u00e9ternelle qui \u00e9tait aupr\u00e8s du P\u00e8re et qui s&rsquo;est manifest\u00e9e \u00e0 nous.<br \/>\nCe que nous avons contempl\u00e9, ce que nous avons entendu, nous vous l&rsquo;annon\u00e7ons \u00e0 vous aussi, pour que, vous aussi, vous soyez en communion avec nous. Et nous, nous sommes en communion avec le P\u00e8re et avec son Fils, J\u00e9sus Christ.<br \/>\nEt c&rsquo;est nous qui \u00e9crivons cela, afin que nous ayons la pl\u00e9nitude de la joie.<\/p>\n","protected":false},"excerpt":{"rendered":"<p>Premi\u00e8re lettre de saint Jean 1,1-4. Ce qui \u00e9tait depuis le commencement, ce que nous avons entendu, ce que nous avons contempl\u00e9 de nos yeux, ce que nous avons vu et que nos mains ont touch\u00e9, c&rsquo;est le Verbe, la Parole de la vie. Oui, la vie s&rsquo;est manifest\u00e9e, nous l&rsquo;avons contempl\u00e9e, et nous portons [&hellip;]<\/p>\n","protected":false},"author":2,"featured_media":0,"comment_status":"closed","ping_status":"closed","sticky":false,"template":"","format":"standard","meta":{"footnotes":""},"categories":[3,4,13,28],"tags":[1382,536,1041,1179],"class_list":["post-2102","post","type-post","status-publish","format-standard","hentry","category-liturgique","category-iconographie","category-ecritures","category-saints-et-saintes","tag-ecritures","tag-jesus-christ","tag-st-jean","tag-verbe"],"_links":{"self":[{"href":"https:\/\/www.associationdemarie.org\/blog\/wp-json\/wp\/v2\/posts\/2102","targetHints":{"allow":["GET"]}}],"collection":[{"href":"https:\/\/www.associationdemarie.org\/blog\/wp-json\/wp\/v2\/posts"}],"about":[{"href":"https:\/\/www.associationdemarie.org\/blog\/wp-json\/wp\/v2\/types\/post"}],"author":[{"embeddable":true,"href":"https:\/\/www.associationdemarie.org\/blog\/wp-json\/wp\/v2\/users\/2"}],"replies":[{"embeddable":true,"href":"https:\/\/www.associationdemarie.org\/blog\/wp-json\/wp\/v2\/comments?post=2102"}],"version-history":[{"count":0,"href":"https:\/\/www.associationdemarie.org\/blog\/wp-json\/wp\/v2\/posts\/2102\/revisions"}],"wp:attachment":[{"href":"https:\/\/www.associationdemarie.org\/blog\/wp-json\/wp\/v2\/media?parent=2102"}],"wp:term":[{"taxonomy":"category","embeddable":true,"href":"https:\/\/www.associationdemarie.org\/blog\/wp-json\/wp\/v2\/categories?post=2102"},{"taxonomy":"post_tag","embeddable":true,"href":"https:\/\/www.associationdemarie.org\/blog\/wp-json\/wp\/v2\/tags?post=2102"}],"curies":[{"name":"wp","href":"https:\/\/api.w.org\/{rel}","templated":true}]}}