{"id":20993,"date":"2021-11-30T01:04:09","date_gmt":"2021-11-30T00:04:09","guid":{"rendered":"http:\/\/www.associationdemarie.org\/blog\/?p=20993"},"modified":"2021-11-09T12:05:49","modified_gmt":"2021-11-09T11:05:49","slug":"fete-de-saint-andre-apotre-5","status":"publish","type":"post","link":"https:\/\/www.associationdemarie.org\/blog\/fete-de-saint-andre-apotre-5\/","title":{"rendered":"F\u00eate de saint Andr\u00e9, ap\u00f4tre"},"content":{"rendered":"<p><img loading=\"lazy\" decoding=\"async\" class=\"aligncenter  wp-image-20994\" src=\"https:\/\/www.associationdemarie.org\/blog\/wp-content\/uploads\/2021\/11\/Unknown-3-1.jpeg\" alt=\"\" width=\"446\" height=\"334\" \/><\/p>\n<p>\u00ab Qu&rsquo;il est agr\u00e9able et doux pour des fr\u00e8res de vivre dans l&rsquo;unit\u00e9 \u00bb (Ps 132,1)&#8230; Andr\u00e9, apr\u00e8s avoir demeur\u00e9 aupr\u00e8s de J\u00e9sus (Jn 1,39) et avoir beaucoup appris, n&rsquo;a pas gard\u00e9 ce tr\u00e9sor pour lui : il se h\u00e2te de courir aupr\u00e8s de son fr\u00e8re Simon-Pierre pour partager avec lui les biens qu&rsquo;il a re\u00e7us. (&#8230;) Consid\u00e8re ce qu&rsquo;il dit \u00e0 son fr\u00e8re : \u00ab Nous avons trouv\u00e9 le Messie, c&rsquo;est-\u00e0-dire le Christ \u00bb (Jn 1,41). Vois-tu le fruit de ce qu&rsquo;il venait d&rsquo;apprendre en si peu de temps ? Cela d\u00e9montre \u00e0 la fois l&rsquo;autorit\u00e9 du Ma\u00eetre qui a enseign\u00e9 ses disciples et, d\u00e8s le d\u00e9but, leur z\u00e8le de le conna\u00eetre.<\/p>\n<p>L&#8217;empressement d&rsquo;Andr\u00e9, son z\u00e8le \u00e0 r\u00e9pandre tout de suite une aussi bonne nouvelle, suppose une \u00e2me qui br\u00fblait de voir l&rsquo;accomplissement de tant de proph\u00e9ties concernant le Christ. C&rsquo;est montrer une amiti\u00e9 vraiment fraternelle, une affection profonde et un naturel plein de sinc\u00e9rit\u00e9, que de partager ainsi les richesses spirituelles. (&#8230;) \u00ab Nous avons trouv\u00e9 le Messie \u00bb dit-il ; non pas un messie, un messie quelconque, mais bien \u00ab le Messie, celui que nous attendions \u00bb.<\/p>\n<h3>Saint Jean Chrysostome (v. 345-407)<\/h3>\n<p>&nbsp;<\/p>\n<p>&nbsp;<\/p>\n","protected":false},"excerpt":{"rendered":"<p>\u00ab Qu&rsquo;il est agr\u00e9able et doux pour des fr\u00e8res de vivre dans l&rsquo;unit\u00e9 \u00bb (Ps 132,1)&#8230; Andr\u00e9, apr\u00e8s avoir demeur\u00e9 aupr\u00e8s de J\u00e9sus (Jn 1,39) et avoir beaucoup appris, n&rsquo;a pas gard\u00e9 ce tr\u00e9sor pour lui : il se h\u00e2te de courir aupr\u00e8s de son fr\u00e8re Simon-Pierre pour partager avec lui les biens qu&rsquo;il a [&hellip;]<\/p>\n","protected":false},"author":2,"featured_media":0,"comment_status":"closed","ping_status":"closed","sticky":false,"template":"","format":"standard","meta":{"footnotes":""},"categories":[3,28],"tags":[1009,1043],"class_list":["post-20993","post","type-post","status-publish","format-standard","hentry","category-liturgique","category-saints-et-saintes","tag-st-andre","tag-st-jean-chrysostome"],"_links":{"self":[{"href":"https:\/\/www.associationdemarie.org\/blog\/wp-json\/wp\/v2\/posts\/20993","targetHints":{"allow":["GET"]}}],"collection":[{"href":"https:\/\/www.associationdemarie.org\/blog\/wp-json\/wp\/v2\/posts"}],"about":[{"href":"https:\/\/www.associationdemarie.org\/blog\/wp-json\/wp\/v2\/types\/post"}],"author":[{"embeddable":true,"href":"https:\/\/www.associationdemarie.org\/blog\/wp-json\/wp\/v2\/users\/2"}],"replies":[{"embeddable":true,"href":"https:\/\/www.associationdemarie.org\/blog\/wp-json\/wp\/v2\/comments?post=20993"}],"version-history":[{"count":1,"href":"https:\/\/www.associationdemarie.org\/blog\/wp-json\/wp\/v2\/posts\/20993\/revisions"}],"predecessor-version":[{"id":20995,"href":"https:\/\/www.associationdemarie.org\/blog\/wp-json\/wp\/v2\/posts\/20993\/revisions\/20995"}],"wp:attachment":[{"href":"https:\/\/www.associationdemarie.org\/blog\/wp-json\/wp\/v2\/media?parent=20993"}],"wp:term":[{"taxonomy":"category","embeddable":true,"href":"https:\/\/www.associationdemarie.org\/blog\/wp-json\/wp\/v2\/categories?post=20993"},{"taxonomy":"post_tag","embeddable":true,"href":"https:\/\/www.associationdemarie.org\/blog\/wp-json\/wp\/v2\/tags?post=20993"}],"curies":[{"name":"wp","href":"https:\/\/api.w.org\/{rel}","templated":true}]}}