{"id":20990,"date":"2021-11-29T01:28:43","date_gmt":"2021-11-29T00:28:43","guid":{"rendered":"http:\/\/www.associationdemarie.org\/blog\/?p=20990"},"modified":"2021-11-08T08:31:29","modified_gmt":"2021-11-08T07:31:29","slug":"beaucoup-viendront-de-lorient-et-de-loccident-et-prendront-place-avec-abraham-au-festin-du-royaume-des-cieux","status":"publish","type":"post","link":"https:\/\/www.associationdemarie.org\/blog\/beaucoup-viendront-de-lorient-et-de-loccident-et-prendront-place-avec-abraham-au-festin-du-royaume-des-cieux\/","title":{"rendered":"\u00ab Beaucoup viendront de l&rsquo;orient et de l&rsquo;occident et prendront place avec Abraham (&#8230;) au festin du Royaume des cieux. \u00bb"},"content":{"rendered":"<p><img loading=\"lazy\" decoding=\"async\" class=\"aligncenter  wp-image-20991\" src=\"https:\/\/www.associationdemarie.org\/blog\/wp-content\/uploads\/2021\/11\/Unknown-3.jpeg\" alt=\"\" width=\"379\" height=\"402\" \/><\/p>\n<p>\u00ab Voici venir des jours, oracle du Seigneur, o\u00f9 je conclurai avec la maison d&rsquo;Isra\u00ebl et la maison de Juda une alliance nouvelle. (&#8230;) Je mettrai ma Loi au fond de leur \u00eatre et je l&rsquo;\u00e9crirai sur leur c\u0153ur \u00bb (Jr 31,31s). Isa\u00efe annonce que ces promesses doivent \u00eatre un h\u00e9ritage pour l&rsquo;appel des pa\u00efens ; pour eux aussi le livre de la Nouvelle Alliance a \u00e9t\u00e9 ouvert : \u00ab Voici ce que dit le Dieu d&rsquo;Isra\u00ebl : \u2018En ce jour-l\u00e0, l&rsquo;homme regardera vers son cr\u00e9ateur et tournera les yeux vers le Saint d&rsquo;Isra\u00ebl. Ils ne mettront plus leur esp\u00e9rance dans des autels d&rsquo;idoles ni dans des \u0153uvres de leurs mains (&#8230;)\u2019 \u00bb (17,7s). Il est bien \u00e9vident que cela s&rsquo;adresse \u00e0 ceux qui abandonnent les idoles et croient en Dieu notre cr\u00e9ateur gr\u00e2ce au Saint d&rsquo;Isra\u00ebl, et le Saint d&rsquo;Isra\u00ebl, c&rsquo;est le Christ. (&#8230;)<\/p>\n<p>Dans le livre d&rsquo;Isa\u00efe, le Verbe lui-m\u00eame dit qu&rsquo;il devait se manifester parmi nous \u2014 le Fils de Dieu, en effet, s&rsquo;est fait fils d&rsquo;homme \u2014 et se laisser trouver par nous qui auparavant ne le connaissions pas : \u00ab Je me suis manifest\u00e9 \u00e0 ceux qui ne me cherchaient pas ; j&rsquo;ai \u00e9t\u00e9 trouv\u00e9 par ceux qui ne me questionnaient pas ; j&rsquo;ai dit : \u2018Me voici\u2019 \u00e0 un peuple qui n&rsquo;avait pas invoqu\u00e9 mon nom \u00bb (65,1). Que ce peuple, dont parle Isa\u00efe, doive \u00eatre un peuple saint, cela a \u00e9t\u00e9 annonc\u00e9 dans les douze proph\u00e8tes par Os\u00e9e : \u00ab J&rsquo;aimerai Non-Aim\u00e9e et \u00e0 Pas-mon-peuple je dirai : \u2018Tu es mon peuple\u2019 (&#8230;) et ils seront appel\u00e9s \u2018fils du Dieu vivant\u2019 \u00bb (Rm 9,25-26; Os 2,25; cf 1,9). C&rsquo;est aussi le sens de ce qu&rsquo;a dit Jean Baptiste : \u00ab Dieu peut, de ces pierres, faire surgir des fils \u00e0 Abraham \u00bb (Mt 3,9). En effet, apr\u00e8s avoir \u00e9t\u00e9 arrach\u00e9s par la foi au culte des pierres, nos c\u0153urs voient Dieu et nous devenons fils d&rsquo;Abraham, qui a \u00e9t\u00e9 justifi\u00e9 par la foi.<\/p>\n<h3>\nSaint Ir\u00e9n\u00e9e de Lyon (v. 130-v. 208)<\/h3>\n<p>&nbsp;<\/p>\n<p>&nbsp;<\/p>\n","protected":false},"excerpt":{"rendered":"<p>\u00ab Voici venir des jours, oracle du Seigneur, o\u00f9 je conclurai avec la maison d&rsquo;Isra\u00ebl et la maison de Juda une alliance nouvelle. (&#8230;) Je mettrai ma Loi au fond de leur \u00eatre et je l&rsquo;\u00e9crirai sur leur c\u0153ur \u00bb (Jr 31,31s). Isa\u00efe annonce que ces promesses doivent \u00eatre un h\u00e9ritage pour l&rsquo;appel des pa\u00efens [&hellip;]<\/p>\n","protected":false},"author":2,"featured_media":0,"comment_status":"closed","ping_status":"closed","sticky":false,"template":"","format":"standard","meta":{"footnotes":""},"categories":[13,1261],"tags":[54,220,1382,512,1039],"class_list":["post-20990","post","type-post","status-publish","format-standard","hentry","category-ecritures","category-enseignement-2","tag-alliance","tag-christ","tag-ecritures","tag-israel","tag-st-irenee"],"_links":{"self":[{"href":"https:\/\/www.associationdemarie.org\/blog\/wp-json\/wp\/v2\/posts\/20990","targetHints":{"allow":["GET"]}}],"collection":[{"href":"https:\/\/www.associationdemarie.org\/blog\/wp-json\/wp\/v2\/posts"}],"about":[{"href":"https:\/\/www.associationdemarie.org\/blog\/wp-json\/wp\/v2\/types\/post"}],"author":[{"embeddable":true,"href":"https:\/\/www.associationdemarie.org\/blog\/wp-json\/wp\/v2\/users\/2"}],"replies":[{"embeddable":true,"href":"https:\/\/www.associationdemarie.org\/blog\/wp-json\/wp\/v2\/comments?post=20990"}],"version-history":[{"count":1,"href":"https:\/\/www.associationdemarie.org\/blog\/wp-json\/wp\/v2\/posts\/20990\/revisions"}],"predecessor-version":[{"id":20992,"href":"https:\/\/www.associationdemarie.org\/blog\/wp-json\/wp\/v2\/posts\/20990\/revisions\/20992"}],"wp:attachment":[{"href":"https:\/\/www.associationdemarie.org\/blog\/wp-json\/wp\/v2\/media?parent=20990"}],"wp:term":[{"taxonomy":"category","embeddable":true,"href":"https:\/\/www.associationdemarie.org\/blog\/wp-json\/wp\/v2\/categories?post=20990"},{"taxonomy":"post_tag","embeddable":true,"href":"https:\/\/www.associationdemarie.org\/blog\/wp-json\/wp\/v2\/tags?post=20990"}],"curies":[{"name":"wp","href":"https:\/\/api.w.org\/{rel}","templated":true}]}}