{"id":20987,"date":"2021-11-28T01:19:22","date_gmt":"2021-11-28T00:19:22","guid":{"rendered":"http:\/\/www.associationdemarie.org\/blog\/?p=20987"},"modified":"2021-11-07T08:24:54","modified_gmt":"2021-11-07T07:24:54","slug":"debout-reveillez-vous","status":"publish","type":"post","link":"https:\/\/www.associationdemarie.org\/blog\/debout-reveillez-vous\/","title":{"rendered":"Debout ! R\u00e9veillez-vous !"},"content":{"rendered":"<p><img loading=\"lazy\" decoding=\"async\" class=\"aligncenter  wp-image-20988\" src=\"https:\/\/www.associationdemarie.org\/blog\/wp-content\/uploads\/2021\/11\/images-1-1.jpeg\" alt=\"\" width=\"395\" height=\"295\" \/><\/p>\n<p>Gardez-vous donc, je vous prie, toujours sains et saufs dans l\u2019atelier secret de l\u2019\u00e2me. Ne commettez, mes enfants, aucune action qui m\u00e8ne \u00e0 la perte et \u00e0 la ruine de vos \u00e2mes. Oui, craignons ce Dieu qui s\u2019appr\u00eate \u00e0 r\u00e9v\u00e9ler les arcanes des t\u00e9n\u00e8bres, \u00e0 rendre manifestes les desseins des c\u0153urs (1 Co 4,5) et \u00e0 r\u00e9tribuer chacun non seulement pour ses actions (cf. Mt 16,27), mais aussi pour ses paroles et pour ses simples pens\u00e9es. (\u2026)<\/p>\n<p>Et qui ne restera pas \u00e9veill\u00e9, rejetant sa paresse et sa somnolente inertie ? Debout ! R\u00e9veillez-vous ! La nuit est pass\u00e9e. D\u00e9j\u00e0 commence \u00e0 poindre (cf. Rm 13,12) le jour de la restauration future ! Prenons garde que la mort ne nous saisisse sans que nous soyons pr\u00eats et qu\u2019elle ne nous apporte un malheur \u00e9ternel et sans rem\u00e8de. (\u2026) Relevons-nous encore et encore et \u00e9lan\u00e7ons-nous vers tout ce qui peut plaire \u00e0 Dieu, supportons vaillamment les choses pr\u00e9sentes en nous r\u00e9jouissant de celles que nous esp\u00e9rons (cf. Rm 12,12 ; He 11,1). (\u2026) Je le sais bien, nous serons sauv\u00e9s et nous danserons sans fin dans les cieux, dans la joie de ceux qui depuis le commencement du monde auront plu au Christ. (\u2026)<\/p>\n<p>Brisez la gangue de l\u2019inertie, soyez joyeux, d\u2019humeur \u00e9gale ; que votre \u00e2me soit paisible et votre c\u0153ur l\u00e9ger ; soyez secourables les uns pour les autres ; bannissez inqui\u00e9tudes et soucis. (\u2026) Et quel besoin de vous soucier et de vous agiter \u00e0 tout propos ? Choisissez, je vous le conseille, la meilleure part (cf. Lc 10,41-42) : \u00e9couter nos humbles paroles (cf. Lc 10,39). Puissiez-vous, mes enfants \u00eatre sauv\u00e9s dans le Seigneur et exulter dans la crainte (cf. Ps 2,11) (\u2026) du Christ J\u00e9sus notre Seigneur, \u00e0 qui appartiennent la gloire et la puissance avec le P\u00e8re et le Saint-Esprit, maintenant et toujours et dans les si\u00e8cles des si\u00e8cles. Amen.<\/p>\n<h3>\nSaint Th\u00e9odore le Studite (759-826)<\/h3>\n","protected":false},"excerpt":{"rendered":"<p>Gardez-vous donc, je vous prie, toujours sains et saufs dans l\u2019atelier secret de l\u2019\u00e2me. Ne commettez, mes enfants, aucune action qui m\u00e8ne \u00e0 la perte et \u00e0 la ruine de vos \u00e2mes. Oui, craignons ce Dieu qui s\u2019appr\u00eate \u00e0 r\u00e9v\u00e9ler les arcanes des t\u00e9n\u00e8bres, \u00e0 rendre manifestes les desseins des c\u0153urs (1 Co 4,5) et [&hellip;]<\/p>\n","protected":false},"author":2,"featured_media":0,"comment_status":"closed","ping_status":"closed","sticky":false,"template":"","format":"standard","meta":{"footnotes":""},"categories":[1261,26],"tags":[1430,1175],"class_list":["post-20987","post","type-post","status-publish","format-standard","hentry","category-enseignement-2","category-priere-des-ames","tag-st-theodore-le-studite","tag-veillez"],"_links":{"self":[{"href":"https:\/\/www.associationdemarie.org\/blog\/wp-json\/wp\/v2\/posts\/20987","targetHints":{"allow":["GET"]}}],"collection":[{"href":"https:\/\/www.associationdemarie.org\/blog\/wp-json\/wp\/v2\/posts"}],"about":[{"href":"https:\/\/www.associationdemarie.org\/blog\/wp-json\/wp\/v2\/types\/post"}],"author":[{"embeddable":true,"href":"https:\/\/www.associationdemarie.org\/blog\/wp-json\/wp\/v2\/users\/2"}],"replies":[{"embeddable":true,"href":"https:\/\/www.associationdemarie.org\/blog\/wp-json\/wp\/v2\/comments?post=20987"}],"version-history":[{"count":1,"href":"https:\/\/www.associationdemarie.org\/blog\/wp-json\/wp\/v2\/posts\/20987\/revisions"}],"predecessor-version":[{"id":20989,"href":"https:\/\/www.associationdemarie.org\/blog\/wp-json\/wp\/v2\/posts\/20987\/revisions\/20989"}],"wp:attachment":[{"href":"https:\/\/www.associationdemarie.org\/blog\/wp-json\/wp\/v2\/media?parent=20987"}],"wp:term":[{"taxonomy":"category","embeddable":true,"href":"https:\/\/www.associationdemarie.org\/blog\/wp-json\/wp\/v2\/categories?post=20987"},{"taxonomy":"post_tag","embeddable":true,"href":"https:\/\/www.associationdemarie.org\/blog\/wp-json\/wp\/v2\/tags?post=20987"}],"curies":[{"name":"wp","href":"https:\/\/api.w.org\/{rel}","templated":true}]}}