{"id":20936,"date":"2021-11-14T01:24:41","date_gmt":"2021-11-14T00:24:41","guid":{"rendered":"http:\/\/www.associationdemarie.org\/blog\/?p=20936"},"modified":"2021-10-24T09:26:41","modified_gmt":"2021-10-24T08:26:41","slug":"sachez-que-le-fils-de-lhomme-est-proche-mc-1329","status":"publish","type":"post","link":"https:\/\/www.associationdemarie.org\/blog\/sachez-que-le-fils-de-lhomme-est-proche-mc-1329\/","title":{"rendered":"\u00ab Sachez que le Fils de l\u2019homme est proche. \u00bb (Mc 13,29)"},"content":{"rendered":"<p><img loading=\"lazy\" decoding=\"async\" class=\"aligncenter  wp-image-20937\" src=\"https:\/\/www.associationdemarie.org\/blog\/wp-content\/uploads\/2021\/10\/fig-tree-2160603_1280.jpg\" alt=\"\" width=\"461\" height=\"307\" srcset=\"https:\/\/www.associationdemarie.org\/blog\/wp-content\/uploads\/2021\/10\/fig-tree-2160603_1280.jpg 1200w, https:\/\/www.associationdemarie.org\/blog\/wp-content\/uploads\/2021\/10\/fig-tree-2160603_1280-300x200.jpg 300w, https:\/\/www.associationdemarie.org\/blog\/wp-content\/uploads\/2021\/10\/fig-tree-2160603_1280-768x512.jpg 768w, https:\/\/www.associationdemarie.org\/blog\/wp-content\/uploads\/2021\/10\/fig-tree-2160603_1280-1024x683.jpg 1024w\" sizes=\"auto, (max-width: 461px) 100vw, 461px\" \/><\/p>\n<p>Quelle crainte et quel tremblement s\u2019empareront de nous au moment o\u00f9 nous sortirons de ce monde ? (\u2026) Comment affronterons-nous ce jour redoutable, si l\u2019un de nous devait vivre dans la n\u00e9gligence ?<\/p>\n<p>Lorsqu\u2019au signal de la trompette de l\u2019archange, tous les hommes ressusciteront (1 Th 4,16) et que tous les peuples, toute tribu et toute langue (cf. Ap 5,9) iront vers le jugement, alors le ciel se dissoudra avec fracas, les \u00e9l\u00e9ments s\u2019embraseront (cf. 2 P 3,10.12), la cr\u00e9ation tout enti\u00e8re sera transform\u00e9e, toutes les innombrables myriades des saints anges s\u2019avanceront avec crainte, et il si\u00e9gera, le juge de toutes choses ; puis actes et paroles de chacun seront \u00e9tal\u00e9s au grand jour, il placera devant nous les pi\u00e8ces \u00e0 conviction : la faute telle qu\u2019elle appara\u00eet \u00e0 premi\u00e8re vue, la faute avec ses circonstances de lieu, de mani\u00e8re et de temps, et tout cela en un clin d\u2019\u0153il (cf. 1 Co 15,52). Alors \u00ab ils s\u2019en iront \u00bb dit l\u2019\u00c9criture, \u00ab ceux qui auront fait le bien vers une vie \u00e9ternelle, ceux qui auront fait le mal vers une punition \u00e9ternelle \u00bb (Mt 25,46) ; l\u00e0 \u00ab il y aura des pleurs et des grincements de dents \u00bb (Mt 8,12), \u00ab leur feu ne s\u2019\u00e9teindra pas et leur ver ne mourra pas \u00bb (Is 66,24) (\u2026). Mais non pas \u00e0 nous, Seigneur, non pas \u00e0 nous, mais donnons plut\u00f4t gloire (cf. Ps 113B,1) et louange \u00e0 ton nom en ce jour-l\u00e0, en nous \u00e9tablissant \u00e0 ta droite. (\u2026)<\/p>\n<p>\u00ab Qui nous s\u00e9parera de l\u2019amour du Christ ? les tribulations, l\u2019angoisse, la faim, la pers\u00e9cution, le danger ou le glaive ? \u00bb, car \u00ab \u00e0 cause de toi, on nous met \u00e0 mort tout le long du jour, nous avons pass\u00e9 pour de brebis d\u2019abattoir \u00bb (cf. Rm 8,35-36). \u00c0 lui est la gloire pour les si\u00e8cles des si\u00e8cles. Amen.<\/p>\n<h3>\nSaint Th\u00e9odore le Studite (759-826)<\/h3>\n","protected":false},"excerpt":{"rendered":"<p>Quelle crainte et quel tremblement s\u2019empareront de nous au moment o\u00f9 nous sortirons de ce monde ? (\u2026) Comment affronterons-nous ce jour redoutable, si l\u2019un de nous devait vivre dans la n\u00e9gligence ? Lorsqu\u2019au signal de la trompette de l\u2019archange, tous les hommes ressusciteront (1 Th 4,16) et que tous les peuples, toute tribu et [&hellip;]<\/p>\n","protected":false},"author":2,"featured_media":0,"comment_status":"closed","ping_status":"closed","sticky":false,"template":"","format":"standard","meta":{"footnotes":""},"categories":[13,26],"tags":[775],"class_list":["post-20936","post","type-post","status-publish","format-standard","hentry","category-ecritures","category-priere-des-ames","tag-parousie"],"_links":{"self":[{"href":"https:\/\/www.associationdemarie.org\/blog\/wp-json\/wp\/v2\/posts\/20936","targetHints":{"allow":["GET"]}}],"collection":[{"href":"https:\/\/www.associationdemarie.org\/blog\/wp-json\/wp\/v2\/posts"}],"about":[{"href":"https:\/\/www.associationdemarie.org\/blog\/wp-json\/wp\/v2\/types\/post"}],"author":[{"embeddable":true,"href":"https:\/\/www.associationdemarie.org\/blog\/wp-json\/wp\/v2\/users\/2"}],"replies":[{"embeddable":true,"href":"https:\/\/www.associationdemarie.org\/blog\/wp-json\/wp\/v2\/comments?post=20936"}],"version-history":[{"count":2,"href":"https:\/\/www.associationdemarie.org\/blog\/wp-json\/wp\/v2\/posts\/20936\/revisions"}],"predecessor-version":[{"id":20939,"href":"https:\/\/www.associationdemarie.org\/blog\/wp-json\/wp\/v2\/posts\/20936\/revisions\/20939"}],"wp:attachment":[{"href":"https:\/\/www.associationdemarie.org\/blog\/wp-json\/wp\/v2\/media?parent=20936"}],"wp:term":[{"taxonomy":"category","embeddable":true,"href":"https:\/\/www.associationdemarie.org\/blog\/wp-json\/wp\/v2\/categories?post=20936"},{"taxonomy":"post_tag","embeddable":true,"href":"https:\/\/www.associationdemarie.org\/blog\/wp-json\/wp\/v2\/tags?post=20936"}],"curies":[{"name":"wp","href":"https:\/\/api.w.org\/{rel}","templated":true}]}}