{"id":20850,"date":"2021-10-23T01:43:47","date_gmt":"2021-10-23T00:43:47","guid":{"rendered":"http:\/\/www.associationdemarie.org\/blog\/?p=20850"},"modified":"2021-10-02T08:46:20","modified_gmt":"2021-10-02T07:46:20","slug":"ma-misericorde-et-ma-charite-laisse-le-temps","status":"publish","type":"post","link":"https:\/\/www.associationdemarie.org\/blog\/ma-misericorde-et-ma-charite-laisse-le-temps\/","title":{"rendered":"Ma mis\u00e9ricorde et ma charit\u00e9 laisse le temps\u2026"},"content":{"rendered":"<p><img loading=\"lazy\" decoding=\"async\" class=\"aligncenter  wp-image-20851\" src=\"https:\/\/www.associationdemarie.org\/blog\/wp-content\/uploads\/2021\/10\/Unknown-1.jpeg\" alt=\"\" width=\"311\" height=\"426\" \/><\/p>\n<p>[Sainte Catherine a entendu Dieu lui dire :] Qu&rsquo;il le veuille ou non, le monde me rend gloire. En v\u00e9rit\u00e9, la gloire que j&rsquo;en retire n&rsquo;est pas celle qu&rsquo;il me devrait procurer, en m&rsquo;aimant par-dessus toute chose, mais il n&rsquo;en monte pas moins de lui, louange et gloire \u00e0 mon nom.<\/p>\n<p>Dans les mondains en effet brille ma Mis\u00e9ricorde et l&rsquo;abondance de ma Charit\u00e9, qui leur laisse le temps. Au lieu de commander \u00e0 la terre de les engloutir, j&rsquo;attends leur retour, j&rsquo;ordonne \u00e0 la terre de leur donner ses fruits, au soleil de r\u00e9pandre sur eux sa lumi\u00e8re et sa chaleur, au ciel de se mouvoir, pour continuer la vie \u00e0 toutes les choses que j&rsquo;ai cr\u00e9\u00e9es pour eux. J&rsquo;use envers eux de mis\u00e9ricorde et de charit\u00e9, non seulement en ne leur retirant pas ces dons \u00e0 cause de leurs fautes, mais encore en les accordant au p\u00e9cheur comme au juste et souvent plus au p\u00e9cheur qu\u2019au juste. Car le juste est pr\u00e9par\u00e9 \u00e0 souffrir, et je le prive des biens de la terre, pour lui donner plus abondamment les biens du ciel. Ainsi \u00e9clatent en eux, ma charit\u00e9 et ma mis\u00e9ricorde.<\/p>\n<p>D&rsquo;autres fois aussi les serviteurs du monde, par les pers\u00e9cutions qu&rsquo;ils font subir \u00e0 mes serviteurs, \u00e9prouvent leur vertu, mettent en \u00e9vidence leur patience et leur charit\u00e9, provoquent, au milieu des souffrances, leurs humbles et continuelles pri\u00e8res. Pri\u00e8res et souffrances montent vers moi comme un hommage d&rsquo;honneur et de louange \u00e0 mon nom. Ainsi donc, sans le vouloir, le m\u00e9chant travaille \u00e0 ma gloire, alors m\u00eame qu&rsquo;il pr\u00e9tend me faire affront.<\/p>\n<h3 class=\"gmail-GospelCommentaryAuthor-name gmail-commentary-author gmail-font-2\">Sainte Catherine de Sienne (1347-1380)<\/h3>\n","protected":false},"excerpt":{"rendered":"<p>[Sainte Catherine a entendu Dieu lui dire :] Qu&rsquo;il le veuille ou non, le monde me rend gloire. En v\u00e9rit\u00e9, la gloire que j&rsquo;en retire n&rsquo;est pas celle qu&rsquo;il me devrait procurer, en m&rsquo;aimant par-dessus toute chose, mais il n&rsquo;en monte pas moins de lui, louange et gloire \u00e0 mon nom. Dans les mondains en [&hellip;]<\/p>\n","protected":false},"author":2,"featured_media":0,"comment_status":"closed","ping_status":"closed","sticky":false,"template":"","format":"standard","meta":{"footnotes":""},"categories":[1261],"tags":[678,1089],"class_list":["post-20850","post","type-post","status-publish","format-standard","hentry","category-enseignement-2","tag-misericorde","tag-ste-catherine-de-sienne"],"_links":{"self":[{"href":"https:\/\/www.associationdemarie.org\/blog\/wp-json\/wp\/v2\/posts\/20850","targetHints":{"allow":["GET"]}}],"collection":[{"href":"https:\/\/www.associationdemarie.org\/blog\/wp-json\/wp\/v2\/posts"}],"about":[{"href":"https:\/\/www.associationdemarie.org\/blog\/wp-json\/wp\/v2\/types\/post"}],"author":[{"embeddable":true,"href":"https:\/\/www.associationdemarie.org\/blog\/wp-json\/wp\/v2\/users\/2"}],"replies":[{"embeddable":true,"href":"https:\/\/www.associationdemarie.org\/blog\/wp-json\/wp\/v2\/comments?post=20850"}],"version-history":[{"count":1,"href":"https:\/\/www.associationdemarie.org\/blog\/wp-json\/wp\/v2\/posts\/20850\/revisions"}],"predecessor-version":[{"id":20852,"href":"https:\/\/www.associationdemarie.org\/blog\/wp-json\/wp\/v2\/posts\/20850\/revisions\/20852"}],"wp:attachment":[{"href":"https:\/\/www.associationdemarie.org\/blog\/wp-json\/wp\/v2\/media?parent=20850"}],"wp:term":[{"taxonomy":"category","embeddable":true,"href":"https:\/\/www.associationdemarie.org\/blog\/wp-json\/wp\/v2\/categories?post=20850"},{"taxonomy":"post_tag","embeddable":true,"href":"https:\/\/www.associationdemarie.org\/blog\/wp-json\/wp\/v2\/tags?post=20850"}],"curies":[{"name":"wp","href":"https:\/\/api.w.org\/{rel}","templated":true}]}}