{"id":20799,"date":"2021-10-10T01:16:51","date_gmt":"2021-10-10T00:16:51","guid":{"rendered":"http:\/\/www.associationdemarie.org\/blog\/?p=20799"},"modified":"2021-09-19T08:19:33","modified_gmt":"2021-09-19T07:19:33","slug":"tenons-les-yeux-fixes-sur-jesus-le-divin-pauvre","status":"publish","type":"post","link":"https:\/\/www.associationdemarie.org\/blog\/tenons-les-yeux-fixes-sur-jesus-le-divin-pauvre\/","title":{"rendered":"Tenons les yeux fix\u00e9s sur J\u00e9sus, le divin pauvre"},"content":{"rendered":"<p><img loading=\"lazy\" decoding=\"async\" class=\"aligncenter  wp-image-20800\" src=\"https:\/\/www.associationdemarie.org\/blog\/wp-content\/uploads\/2021\/09\/1010.jpg\" alt=\"\" width=\"300\" height=\"385\" srcset=\"https:\/\/www.associationdemarie.org\/blog\/wp-content\/uploads\/2021\/09\/1010.jpg 410w, https:\/\/www.associationdemarie.org\/blog\/wp-content\/uploads\/2021\/09\/1010-234x300.jpg 234w\" sizes=\"auto, (max-width: 300px) 100vw, 300px\" \/><\/p>\n<p>Contemplons Notre-Seigneur qui est notre mod\u00e8le en toutes choses et que nous voulons suivre par amour. Que nous enseigne sa vie ? Il a, pour ainsi dire, \u00e9pous\u00e9 la pauvret\u00e9.<\/p>\n<p>Il \u00e9tait Dieu. (\u2026) Et voici que ce Dieu s\u2019incarne pour nous ramener \u00e0 lui. Quelle voie choisit-il ? Celle de la pauvret\u00e9. Quand le Verbe est venu en ce monde, lui, le Roi du ciel et de la terre a voulu, dans sa divine sagesse, disposer les d\u00e9tails de sa naissance, de sa vie et de sa mort, de telle fa\u00e7on que ce qui transpara\u00eet le plus, c\u2019est sa pauvret\u00e9, le m\u00e9pris des biens de ce monde. Les plus pauvres naissent au moins sous un toit ; lui, il voit le jour dans une \u00e9table, sur la paille, car \u00ab il n\u2019y avait pas de place pour sa m\u00e8re \u00e0 l\u2019h\u00f4tellerie \u00bb (Lc 2,7). \u00c0 Nazareth, il m\u00e8ne la vie obscure d\u2019un pauvre artisan (cf. Mt 13,55). Plus tard, dans sa vie publique, il n\u2019a pas o\u00f9 reposer la t\u00eate, \u00ab alors que les renards ont leurs tani\u00e8res \u00bb (Lc 9, 58). \u00c0 l\u2019heure de la mort, il a voulu \u00eatre d\u00e9pouill\u00e9 de ses v\u00eatements et attach\u00e9 nu \u00e0 la croix. Cette tunique tiss\u00e9e par sa m\u00e8re, il laisse ses bourreaux s\u2019en emparer ; ses amis l\u2019ont abandonn\u00e9 ; de ses ap\u00f4tres, il ne voit aupr\u00e8s de lui que S. Jean. Au moins, sa m\u00e8re lui reste : mais non, il la donne \u00e0 son disciple (cf. Jn19,27). N\u2019est-ce pas l\u00e0 le d\u00e9pouillement absolu ? Cependant, il trouve moyen de d\u00e9passer cet extr\u00eame degr\u00e9 de d\u00e9nuement. Il y a encore les joies c\u00e9lestes dont son P\u00e8re inonde son humanit\u00e9 ; il y renonce, car voici que son P\u00e8re l\u2019abandonne (cf. Mt 22,46). Il demeure seul, suspendu entre le ciel et la terre. (\u2026)<\/p>\n<p>Quand on contemple J\u00e9sus pauvre \u00e0 la cr\u00e8che, \u00e0 Nazareth, sur la croix, nous tendant les mains et nous disant : \u00ab c\u2019est pour toi \u00bb, on comprend les folies des amants de la pauvret\u00e9. Tenons donc les yeux fix\u00e9s sur le divin pauvre de Bethl\u00e9em, de Nazareth et du Golgotha.<\/p>\n<h3 class=\"GospelCommentaryAuthor-name commentary-author font-2\">Bienheureux Columba Marmion (1858-1923)<\/h3>\n<p>&nbsp;<\/p>\n<p>&nbsp;<\/p>\n","protected":false},"excerpt":{"rendered":"<p>Contemplons Notre-Seigneur qui est notre mod\u00e8le en toutes choses et que nous voulons suivre par amour. Que nous enseigne sa vie ? Il a, pour ainsi dire, \u00e9pous\u00e9 la pauvret\u00e9. Il \u00e9tait Dieu. (\u2026) Et voici que ce Dieu s\u2019incarne pour nous ramener \u00e0 lui. Quelle voie choisit-il ? Celle de la pauvret\u00e9. Quand le [&hellip;]<\/p>\n","protected":false},"author":2,"featured_media":0,"comment_status":"closed","ping_status":"closed","sticky":false,"template":"","format":"standard","meta":{"footnotes":""},"categories":[13,1261],"tags":[1464,220,274,707],"class_list":["post-20799","post","type-post","status-publish","format-standard","hentry","category-ecritures","category-enseignement-2","tag-bienheureux-columba-marmion","tag-christ","tag-croix","tag-nativite"],"_links":{"self":[{"href":"https:\/\/www.associationdemarie.org\/blog\/wp-json\/wp\/v2\/posts\/20799","targetHints":{"allow":["GET"]}}],"collection":[{"href":"https:\/\/www.associationdemarie.org\/blog\/wp-json\/wp\/v2\/posts"}],"about":[{"href":"https:\/\/www.associationdemarie.org\/blog\/wp-json\/wp\/v2\/types\/post"}],"author":[{"embeddable":true,"href":"https:\/\/www.associationdemarie.org\/blog\/wp-json\/wp\/v2\/users\/2"}],"replies":[{"embeddable":true,"href":"https:\/\/www.associationdemarie.org\/blog\/wp-json\/wp\/v2\/comments?post=20799"}],"version-history":[{"count":1,"href":"https:\/\/www.associationdemarie.org\/blog\/wp-json\/wp\/v2\/posts\/20799\/revisions"}],"predecessor-version":[{"id":20801,"href":"https:\/\/www.associationdemarie.org\/blog\/wp-json\/wp\/v2\/posts\/20799\/revisions\/20801"}],"wp:attachment":[{"href":"https:\/\/www.associationdemarie.org\/blog\/wp-json\/wp\/v2\/media?parent=20799"}],"wp:term":[{"taxonomy":"category","embeddable":true,"href":"https:\/\/www.associationdemarie.org\/blog\/wp-json\/wp\/v2\/categories?post=20799"},{"taxonomy":"post_tag","embeddable":true,"href":"https:\/\/www.associationdemarie.org\/blog\/wp-json\/wp\/v2\/tags?post=20799"}],"curies":[{"name":"wp","href":"https:\/\/api.w.org\/{rel}","templated":true}]}}