{"id":20779,"date":"2021-10-05T01:47:22","date_gmt":"2021-10-05T00:47:22","guid":{"rendered":"http:\/\/www.associationdemarie.org\/blog\/?p=20779"},"modified":"2021-09-14T07:50:05","modified_gmt":"2021-09-14T06:50:05","slug":"marthe-le-recut-dans-sa-maison-marie-ecoutait-sa-parole","status":"publish","type":"post","link":"https:\/\/www.associationdemarie.org\/blog\/marthe-le-recut-dans-sa-maison-marie-ecoutait-sa-parole\/","title":{"rendered":"\u00ab Marthe le re\u00e7ut dans sa maison&#8230;; Marie&#8230;\u00e9coutait sa parole. \u00bb"},"content":{"rendered":"<p><img loading=\"lazy\" decoding=\"async\" class=\"aligncenter  wp-image-20780\" src=\"https:\/\/www.associationdemarie.org\/blog\/wp-content\/uploads\/2021\/09\/0510.jpg\" alt=\"\" width=\"465\" height=\"290\" srcset=\"https:\/\/www.associationdemarie.org\/blog\/wp-content\/uploads\/2021\/09\/0510.jpg 512w, https:\/\/www.associationdemarie.org\/blog\/wp-content\/uploads\/2021\/09\/0510-300x187.jpg 300w\" sizes=\"auto, (max-width: 465px) 100vw, 465px\" \/><\/p>\n<p>Ayant re\u00e7u notre Seigneur dans l&rsquo;eucharistie, l&rsquo;ayant pr\u00e9sent dans notre corps, n&rsquo;allons pas le laisser tout seul pour nous occuper d&rsquo;autre chose sans plus faire aucun cas de lui (&#8230;) : qu&rsquo;il soit notre unique occupation. Adressons-nous \u00e0 lui par une pri\u00e8re fervente ; entretenons-nous avec lui par de ferventes m\u00e9ditations. Disons avec le proph\u00e8te : \u00ab J&rsquo;\u00e9couterai les paroles que le Seigneur me dit \u00e0 l&rsquo;intime de mon c\u0153ur \u00bb (Ps 84,9). Car, si nous (&#8230;) lui r\u00e9servons toute notre attention, il ne manquera pas de prononcer au-dedans de nous, sous forme d&rsquo;inspirations, telle ou telle parole destin\u00e9e \u00e0 nous apporter un grand r\u00e9confort spirituel et \u00e0 \u00eatre profitable \u00e0 notre \u00e2me.<\/p>\n<p>Soyons donc \u00e0 la fois Marthe et Marie. Avec Marthe, faisons en sorte que toute notre activit\u00e9 ext\u00e9rieure se rapporte \u00e0 lui, consiste \u00e0 lui faire bon accueil, \u00e0 lui d&rsquo;abord, et aussi par amour pour lui, \u00e0 tous ceux qui l&rsquo;accompagnent, c&rsquo;est-\u00e0-dire aux pauvres dont il tient chacun non seulement pour son disciple, mais pour lui-m\u00eame : \u00ab Ce que vous faites \u00e0 l&rsquo;un des plus petits parmi mes fr\u00e8res, c&rsquo;est \u00e0 moi-m\u00eame que vous l&rsquo;avez fait \u00bb (Mt 25,40). (&#8230;) Effor\u00e7ons-nous de retenir notre h\u00f4te. Disons-lui avec ses deux disciples se rendant au village d&rsquo;Emma\u00fcs : \u00ab Reste avec nous, Seigneur \u00bb (Lc 24,29). Et alors, soyons-en s\u00fbrs, il ne s&rsquo;\u00e9loignera pas de nous, \u00e0 moins que nous ne l&rsquo;\u00e9cartions nous-m\u00eames par notre ingratitude.<\/p>\n<h3 class=\"GospelCommentaryAuthor-name commentary-author font-2\">Saint Thomas More (1478-1535)<\/h3>\n<p>&nbsp;<\/p>\n<p>&nbsp;<\/p>\n<p>&nbsp;<\/p>\n","protected":false},"excerpt":{"rendered":"<p>Ayant re\u00e7u notre Seigneur dans l&rsquo;eucharistie, l&rsquo;ayant pr\u00e9sent dans notre corps, n&rsquo;allons pas le laisser tout seul pour nous occuper d&rsquo;autre chose sans plus faire aucun cas de lui (&#8230;) : qu&rsquo;il soit notre unique occupation. Adressons-nous \u00e0 lui par une pri\u00e8re fervente ; entretenons-nous avec lui par de ferventes m\u00e9ditations. Disons avec le proph\u00e8te [&hellip;]<\/p>\n","protected":false},"author":2,"featured_media":0,"comment_status":"closed","ping_status":"closed","sticky":false,"template":"","format":"standard","meta":{"footnotes":""},"categories":[13,28],"tags":[646,1269],"class_list":["post-20779","post","type-post","status-publish","format-standard","hentry","category-ecritures","category-saints-et-saintes","tag-marthe-et-marie","tag-st-thomas-more"],"_links":{"self":[{"href":"https:\/\/www.associationdemarie.org\/blog\/wp-json\/wp\/v2\/posts\/20779","targetHints":{"allow":["GET"]}}],"collection":[{"href":"https:\/\/www.associationdemarie.org\/blog\/wp-json\/wp\/v2\/posts"}],"about":[{"href":"https:\/\/www.associationdemarie.org\/blog\/wp-json\/wp\/v2\/types\/post"}],"author":[{"embeddable":true,"href":"https:\/\/www.associationdemarie.org\/blog\/wp-json\/wp\/v2\/users\/2"}],"replies":[{"embeddable":true,"href":"https:\/\/www.associationdemarie.org\/blog\/wp-json\/wp\/v2\/comments?post=20779"}],"version-history":[{"count":1,"href":"https:\/\/www.associationdemarie.org\/blog\/wp-json\/wp\/v2\/posts\/20779\/revisions"}],"predecessor-version":[{"id":20781,"href":"https:\/\/www.associationdemarie.org\/blog\/wp-json\/wp\/v2\/posts\/20779\/revisions\/20781"}],"wp:attachment":[{"href":"https:\/\/www.associationdemarie.org\/blog\/wp-json\/wp\/v2\/media?parent=20779"}],"wp:term":[{"taxonomy":"category","embeddable":true,"href":"https:\/\/www.associationdemarie.org\/blog\/wp-json\/wp\/v2\/categories?post=20779"},{"taxonomy":"post_tag","embeddable":true,"href":"https:\/\/www.associationdemarie.org\/blog\/wp-json\/wp\/v2\/tags?post=20779"}],"curies":[{"name":"wp","href":"https:\/\/api.w.org\/{rel}","templated":true}]}}