{"id":20729,"date":"2021-09-23T01:06:17","date_gmt":"2021-09-23T00:06:17","guid":{"rendered":"http:\/\/www.associationdemarie.org\/blog\/?p=20729"},"modified":"2021-09-02T07:08:22","modified_gmt":"2021-09-02T06:08:22","slug":"le-desir-de-voir-le-christ","status":"publish","type":"post","link":"https:\/\/www.associationdemarie.org\/blog\/le-desir-de-voir-le-christ\/","title":{"rendered":"Le d\u00e9sir de voir le Christ"},"content":{"rendered":"<p><img loading=\"lazy\" decoding=\"async\" class=\"aligncenter  wp-image-20730\" src=\"https:\/\/www.associationdemarie.org\/blog\/wp-content\/uploads\/2021\/09\/1ab1bb0_697251074-christ-icon-sinai-6th-century.jpg\" alt=\"\" width=\"462\" height=\"462\" srcset=\"https:\/\/www.associationdemarie.org\/blog\/wp-content\/uploads\/2021\/09\/1ab1bb0_697251074-christ-icon-sinai-6th-century.jpg 664w, https:\/\/www.associationdemarie.org\/blog\/wp-content\/uploads\/2021\/09\/1ab1bb0_697251074-christ-icon-sinai-6th-century-150x150.jpg 150w, https:\/\/www.associationdemarie.org\/blog\/wp-content\/uploads\/2021\/09\/1ab1bb0_697251074-christ-icon-sinai-6th-century-300x300.jpg 300w\" sizes=\"auto, (max-width: 462px) 100vw, 462px\" \/><\/p>\n<p>Saint Jean \u00e9crit : \u00ab Nous vous annon\u00e7ons la vie \u00e9ternelle qui \u00e9tait aupr\u00e8s du P\u00e8re et qui s&rsquo;est manifest\u00e9e \u00e0 nous. Ce que nous avons vu et entendu, nous vous l&rsquo;annon\u00e7ons \u00bb (1 Jn 1, 2-3). Soyez bien attentifs : \u00ab Nous vous annon\u00e7ons ce que nous avons vu et entendu \u00bb. Eux, ils ont vu le Seigneur lui-m\u00eame pr\u00e9sent dans la chair, ils ont entendu de la bouche du Seigneur ses paroles et ils nous les ont annonc\u00e9es. Et nous, sans doute avons-nous entendu, mais nous n&rsquo;avons pas vu. Sommes-nous donc moins heureux que ceux qui ont vu et entendu ? Pourquoi alors est-ce que Saint Jean ajoute : \u00ab Nous vous l&rsquo;annon\u00e7ons \u00e0 vous aussi pour que, vous aussi, vous soyez en communion avec nous \u00bb ? Eux, ils ont vu ; nous, nous n&rsquo;avons pas vu, et cependant nous sommes en communion avec eux, car nous avons la m\u00eame foi.<\/p>\n<p>Au disciple qui a demand\u00e9 \u00e0 toucher pour croire (&#8230;) le Seigneur a dit, pour nous consoler, nous qui ne pouvons pas toucher mais qui pouvons atteindre le Christ par la foi : \u00ab Heureux ceux qui ne voient pas et qui croient \u00bb (Jn 20,29). C&rsquo;est de nous dont il parle, c&rsquo;est nous qu&rsquo;il d\u00e9signe. Que s&rsquo;accomplisse donc en nous cette b\u00e9atitude que le Seigneur a promise ! Tenons fermement \u00e0 ce que nous ne voyons pas ; ceux qui ont vu nous l&rsquo;annoncent pour que nous soyons en communion avec eux et que nous ayons \u00ab la pl\u00e9nitude de la joie \u00bb (v. 4).<\/p>\n<h3 class=\"GospelCommentaryAuthor-name commentary-author font-2\">Saint Augustin (354-430)<\/h3>\n<p>&nbsp;<\/p>\n<p>&nbsp;<\/p>\n","protected":false},"excerpt":{"rendered":"<p>Saint Jean \u00e9crit : \u00ab Nous vous annon\u00e7ons la vie \u00e9ternelle qui \u00e9tait aupr\u00e8s du P\u00e8re et qui s&rsquo;est manifest\u00e9e \u00e0 nous. Ce que nous avons vu et entendu, nous vous l&rsquo;annon\u00e7ons \u00bb (1 Jn 1, 2-3). Soyez bien attentifs : \u00ab Nous vous annon\u00e7ons ce que nous avons vu et entendu \u00bb. Eux, ils [&hellip;]<\/p>\n","protected":false},"author":2,"featured_media":0,"comment_status":"closed","ping_status":"closed","sticky":false,"template":"","format":"standard","meta":{"footnotes":""},"categories":[13,1261],"tags":[1382,425,1012,1041],"class_list":["post-20729","post","type-post","status-publish","format-standard","hentry","category-ecritures","category-enseignement-2","tag-ecritures","tag-foi","tag-st-augustin","tag-st-jean"],"_links":{"self":[{"href":"https:\/\/www.associationdemarie.org\/blog\/wp-json\/wp\/v2\/posts\/20729","targetHints":{"allow":["GET"]}}],"collection":[{"href":"https:\/\/www.associationdemarie.org\/blog\/wp-json\/wp\/v2\/posts"}],"about":[{"href":"https:\/\/www.associationdemarie.org\/blog\/wp-json\/wp\/v2\/types\/post"}],"author":[{"embeddable":true,"href":"https:\/\/www.associationdemarie.org\/blog\/wp-json\/wp\/v2\/users\/2"}],"replies":[{"embeddable":true,"href":"https:\/\/www.associationdemarie.org\/blog\/wp-json\/wp\/v2\/comments?post=20729"}],"version-history":[{"count":2,"href":"https:\/\/www.associationdemarie.org\/blog\/wp-json\/wp\/v2\/posts\/20729\/revisions"}],"predecessor-version":[{"id":20732,"href":"https:\/\/www.associationdemarie.org\/blog\/wp-json\/wp\/v2\/posts\/20729\/revisions\/20732"}],"wp:attachment":[{"href":"https:\/\/www.associationdemarie.org\/blog\/wp-json\/wp\/v2\/media?parent=20729"}],"wp:term":[{"taxonomy":"category","embeddable":true,"href":"https:\/\/www.associationdemarie.org\/blog\/wp-json\/wp\/v2\/categories?post=20729"},{"taxonomy":"post_tag","embeddable":true,"href":"https:\/\/www.associationdemarie.org\/blog\/wp-json\/wp\/v2\/tags?post=20729"}],"curies":[{"name":"wp","href":"https:\/\/api.w.org\/{rel}","templated":true}]}}