{"id":20722,"date":"2021-09-21T01:04:42","date_gmt":"2021-09-21T00:04:42","guid":{"rendered":"http:\/\/www.associationdemarie.org\/blog\/?p=20722"},"modified":"2021-08-31T11:06:20","modified_gmt":"2021-08-31T10:06:20","slug":"saint-matthieu-un-des-quatre-evangelistes","status":"publish","type":"post","link":"https:\/\/www.associationdemarie.org\/blog\/saint-matthieu-un-des-quatre-evangelistes\/","title":{"rendered":"Saint Matthieu, un des quatre \u00e9vang\u00e9listes"},"content":{"rendered":"<p><img loading=\"lazy\" decoding=\"async\" class=\"aligncenter size-full wp-image-20723\" src=\"https:\/\/www.associationdemarie.org\/blog\/wp-content\/uploads\/2021\/08\/2109.jpg\" alt=\"\" width=\"400\" height=\"607\" srcset=\"https:\/\/www.associationdemarie.org\/blog\/wp-content\/uploads\/2021\/08\/2109.jpg 400w, https:\/\/www.associationdemarie.org\/blog\/wp-content\/uploads\/2021\/08\/2109-198x300.jpg 198w\" sizes=\"auto, (max-width: 400px) 100vw, 400px\" \/><\/p>\n<p>Il ne peut pas y avoir un plus grand ni un plus petit nombre d&rsquo;\u00e9vangiles. En effet, puisqu&rsquo;il existe quatre r\u00e9gions du monde dans lequel nous sommes et quatre vents principaux, et puisque d&rsquo;autre part, l&rsquo;\u00c9glise est r\u00e9pandue sur toute la terre et qu&rsquo;elle a pour \u00ab colonne et pour soutien \u00bb (1Tm 3,15) l&rsquo;\u00c9vangile et l&rsquo;Esprit de vie, il est naturel qu&rsquo;elle ait quatre colonnes qui soufflent l&rsquo;immortalit\u00e9 de tout c\u00f4t\u00e9 et rendent la vie aux hommes. Le Verbe, artisan de l&rsquo;univers, qui si\u00e8ge sur les Ch\u00e9rubins et qui soutient toutes choses (Ps 79,2 ; He 1,3), lorsqu&rsquo;il s&rsquo;est manifest\u00e9 aux hommes, nous a donn\u00e9 un \u00c9vangile \u00e0 quatre formes, maintenu cependant par un unique Esprit. David, implorant sa venue, disait : \u00ab Toi qui si\u00e8ges sur les Ch\u00e9rubins, montre-toi \u00bb (Ps 79,2). Car les Ch\u00e9rubins ont quatre figures (Ez 1,6), et leurs figures sont les images de l&rsquo;activit\u00e9 du Fils de Dieu.<\/p>\n<p>\u00ab Le premier de ces vivants, est-il \u00e9crit, est semblable \u00e0 un lion \u00bb (Ap 4,7), ce qui caract\u00e9rise la puissance, la pr\u00e9\u00e9minence et la royaut\u00e9 du Fils de Dieu ; \u00ab le second est semblable \u00e0 un jeune taureau \u00bb, ce qui manifeste sa fonction de sacrificateur et de pr\u00eatre ; \u00ab le troisi\u00e8me a un visage pareil \u00e0 celui d&rsquo;un homme \u00bb, ce qui \u00e9voque clairement sa venue humaine ; \u00ab le quatri\u00e8me est semblable \u00e0 un aigle qui vole \u00bb, ce qui indique le don de l&rsquo;Esprit volant sur l&rsquo;\u00c9glise. Les \u00e9vangiles selon Jean, Luc, Matthieu et Marc seront donc eux aussi en accord avec ces vivants sur lesquels si\u00e8ge le Christ J\u00e9sus. (&#8230;)<\/p>\n<p>Les m\u00eames traits se retrouvent aussi dans le Verbe de Dieu lui-m\u00eame : aux patriarches qui exist\u00e8rent avant Mo\u00efse il parlait selon sa divinit\u00e9 et sa gloire ; aux hommes qui v\u00e9curent sous la Loi il assignait une fonction sacerdotale et minist\u00e9rielle ; ensuite, pour nous, il se fit homme ; enfin, il envoya le don de l&rsquo;Esprit sur toute la terre, nous abritant ainsi sous ses propres ailes (Ps 16,8). (&#8230;) Ils sont donc futiles, ignorants, et pr\u00e9somptueux ceux qui rejettent la forme sous laquelle se pr\u00e9sente l&rsquo;\u00c9vangile et qui introduisent soit un plus grand, soit un plus petit nombre de figures d&rsquo;\u00c9vangile que celles que nous avons dites.<\/p>\n<h3 class=\"GospelCommentaryAuthor-name commentary-author font-2\">Saint Ir\u00e9n\u00e9e de Lyon (v. 130-v. 208)<\/h3>\n<p>&nbsp;<\/p>\n<p>&nbsp;<\/p>\n<p>&nbsp;<\/p>\n","protected":false},"excerpt":{"rendered":"<p>Il ne peut pas y avoir un plus grand ni un plus petit nombre d&rsquo;\u00e9vangiles. En effet, puisqu&rsquo;il existe quatre r\u00e9gions du monde dans lequel nous sommes et quatre vents principaux, et puisque d&rsquo;autre part, l&rsquo;\u00c9glise est r\u00e9pandue sur toute la terre et qu&rsquo;elle a pour \u00ab colonne et pour soutien \u00bb (1Tm 3,15) l&rsquo;\u00c9vangile [&hellip;]<\/p>\n","protected":false},"author":2,"featured_media":0,"comment_status":"closed","ping_status":"closed","sticky":false,"template":"","format":"standard","meta":{"footnotes":""},"categories":[3,28],"tags":[388,1039,1059],"class_list":["post-20722","post","type-post","status-publish","format-standard","hentry","category-liturgique","category-saints-et-saintes","tag-evangeliste","tag-st-irenee","tag-st-matthieu"],"_links":{"self":[{"href":"https:\/\/www.associationdemarie.org\/blog\/wp-json\/wp\/v2\/posts\/20722","targetHints":{"allow":["GET"]}}],"collection":[{"href":"https:\/\/www.associationdemarie.org\/blog\/wp-json\/wp\/v2\/posts"}],"about":[{"href":"https:\/\/www.associationdemarie.org\/blog\/wp-json\/wp\/v2\/types\/post"}],"author":[{"embeddable":true,"href":"https:\/\/www.associationdemarie.org\/blog\/wp-json\/wp\/v2\/users\/2"}],"replies":[{"embeddable":true,"href":"https:\/\/www.associationdemarie.org\/blog\/wp-json\/wp\/v2\/comments?post=20722"}],"version-history":[{"count":1,"href":"https:\/\/www.associationdemarie.org\/blog\/wp-json\/wp\/v2\/posts\/20722\/revisions"}],"predecessor-version":[{"id":20724,"href":"https:\/\/www.associationdemarie.org\/blog\/wp-json\/wp\/v2\/posts\/20722\/revisions\/20724"}],"wp:attachment":[{"href":"https:\/\/www.associationdemarie.org\/blog\/wp-json\/wp\/v2\/media?parent=20722"}],"wp:term":[{"taxonomy":"category","embeddable":true,"href":"https:\/\/www.associationdemarie.org\/blog\/wp-json\/wp\/v2\/categories?post=20722"},{"taxonomy":"post_tag","embeddable":true,"href":"https:\/\/www.associationdemarie.org\/blog\/wp-json\/wp\/v2\/tags?post=20722"}],"curies":[{"name":"wp","href":"https:\/\/api.w.org\/{rel}","templated":true}]}}