{"id":20713,"date":"2021-09-18T01:26:46","date_gmt":"2021-09-18T00:26:46","guid":{"rendered":"http:\/\/www.associationdemarie.org\/blog\/?p=20713"},"modified":"2021-08-28T08:29:16","modified_gmt":"2021-08-28T07:29:16","slug":"enfin-du-grain-est-tombe-dans-la-bonne-terre","status":"publish","type":"post","link":"https:\/\/www.associationdemarie.org\/blog\/enfin-du-grain-est-tombe-dans-la-bonne-terre\/","title":{"rendered":"\u00ab Enfin du grain est tomb\u00e9 dans la bonne terre. \u00bb"},"content":{"rendered":"<p><img loading=\"lazy\" decoding=\"async\" class=\"aligncenter  wp-image-20714\" src=\"https:\/\/www.associationdemarie.org\/blog\/wp-content\/uploads\/2021\/08\/Capture-33.png\" alt=\"\" width=\"402\" height=\"283\" srcset=\"https:\/\/www.associationdemarie.org\/blog\/wp-content\/uploads\/2021\/08\/Capture-33.png 591w, https:\/\/www.associationdemarie.org\/blog\/wp-content\/uploads\/2021\/08\/Capture-33-300x211.png 300w\" sizes=\"auto, (max-width: 402px) 100vw, 402px\" \/><\/p>\n<p>C&rsquo;est \u00e0 Marie, me semble-t-il, que s&rsquo;adresse le bienheureux proph\u00e8te Jo\u00ebl lorsqu&rsquo;il s&rsquo;\u00e9crie : \u00ab Ne crains pas, toi, la terre, chante et r\u00e9jouis-toi, parce que le Seigneur a r\u00e9alis\u00e9 en toi de grands desseins \u00bb (2,21). Car Marie est une terre : cette terre sur laquelle l&rsquo;homme de Dieu Mo\u00efse a re\u00e7u l&rsquo;ordre d&rsquo;enlever sa sandale (Ex 3,5), image de la Loi dont la gr\u00e2ce viendra prendre la place. Elle est encore cette terre sur laquelle, par l&rsquo;Esprit Saint, s&rsquo;est \u00e9tabli celui dont nous chantons qu&rsquo;il \u00ab \u00e9tablit la terre sur ses bases \u00bb (Ps 103,5). C&rsquo;est une terre qui, sans avoir \u00e9t\u00e9 ensemenc\u00e9e, fait \u00e9clore le fruit qui donne \u00e0 tout \u00eatre sa nourriture (Ps 135,25). Une terre sur laquelle l&rsquo;\u00e9pine du p\u00e9ch\u00e9 n&rsquo;a nullement pouss\u00e9 : bien au contraire, elle a donn\u00e9 le jour \u00e0 celui qui l&rsquo;a arrach\u00e9e jusqu&rsquo;\u00e0 la racine. Une terre, enfin, non pas maudite comme la premi\u00e8re, aux moissons remplies d&rsquo;\u00e9pines et de chardons (Gn 3,18), mais sur laquelle repose la b\u00e9n\u00e9diction du Seigneur, et qui porte en son sein un \u00ab fruit b\u00e9ni \u00bb comme dit la parole sacr\u00e9e (Lc 1,42). (&#8230;)<\/p>\n<p>R\u00e9jouis-toi, Marie, maison du Seigneur, terre que Dieu a foul\u00e9e de ses pas. (&#8230;) R\u00e9jouis-toi, paradis plus heureux que le jardin d&rsquo;\u00c9den, toi le jardin o\u00f9 a germ\u00e9 toute vertu et a pouss\u00e9 l&rsquo;arbre de Vie.<\/p>\n<h3 class=\"GospelCommentaryAuthor-name commentary-author font-2\">Saint Th\u00e9odore le Studite (759-826)<\/h3>\n<p>&nbsp;<\/p>\n<p>&nbsp;<\/p>\n<p>&nbsp;<\/p>\n","protected":false},"excerpt":{"rendered":"<p>C&rsquo;est \u00e0 Marie, me semble-t-il, que s&rsquo;adresse le bienheureux proph\u00e8te Jo\u00ebl lorsqu&rsquo;il s&rsquo;\u00e9crie : \u00ab Ne crains pas, toi, la terre, chante et r\u00e9jouis-toi, parce que le Seigneur a r\u00e9alis\u00e9 en toi de grands desseins \u00bb (2,21). Car Marie est une terre : cette terre sur laquelle l&rsquo;homme de Dieu Mo\u00efse a re\u00e7u l&rsquo;ordre d&rsquo;enlever [&hellip;]<\/p>\n","protected":false},"author":2,"featured_media":0,"comment_status":"closed","ping_status":"closed","sticky":false,"template":"","format":"standard","meta":{"footnotes":""},"categories":[16,28],"tags":[973,1430,1189],"class_list":["post-20713","post","type-post","status-publish","format-standard","hentry","category-jardins-de-la-bible","category-saints-et-saintes","tag-semeur","tag-st-theodore-le-studite","tag-vierge-marie"],"_links":{"self":[{"href":"https:\/\/www.associationdemarie.org\/blog\/wp-json\/wp\/v2\/posts\/20713","targetHints":{"allow":["GET"]}}],"collection":[{"href":"https:\/\/www.associationdemarie.org\/blog\/wp-json\/wp\/v2\/posts"}],"about":[{"href":"https:\/\/www.associationdemarie.org\/blog\/wp-json\/wp\/v2\/types\/post"}],"author":[{"embeddable":true,"href":"https:\/\/www.associationdemarie.org\/blog\/wp-json\/wp\/v2\/users\/2"}],"replies":[{"embeddable":true,"href":"https:\/\/www.associationdemarie.org\/blog\/wp-json\/wp\/v2\/comments?post=20713"}],"version-history":[{"count":1,"href":"https:\/\/www.associationdemarie.org\/blog\/wp-json\/wp\/v2\/posts\/20713\/revisions"}],"predecessor-version":[{"id":20715,"href":"https:\/\/www.associationdemarie.org\/blog\/wp-json\/wp\/v2\/posts\/20713\/revisions\/20715"}],"wp:attachment":[{"href":"https:\/\/www.associationdemarie.org\/blog\/wp-json\/wp\/v2\/media?parent=20713"}],"wp:term":[{"taxonomy":"category","embeddable":true,"href":"https:\/\/www.associationdemarie.org\/blog\/wp-json\/wp\/v2\/categories?post=20713"},{"taxonomy":"post_tag","embeddable":true,"href":"https:\/\/www.associationdemarie.org\/blog\/wp-json\/wp\/v2\/tags?post=20713"}],"curies":[{"name":"wp","href":"https:\/\/api.w.org\/{rel}","templated":true}]}}