{"id":20671,"date":"2021-09-07T01:13:13","date_gmt":"2021-09-07T00:13:13","guid":{"rendered":"http:\/\/www.associationdemarie.org\/blog\/?p=20671"},"modified":"2021-08-17T07:16:26","modified_gmt":"2021-08-17T06:16:26","slug":"il-passa-la-nuit-a-prier-dieu-3","status":"publish","type":"post","link":"https:\/\/www.associationdemarie.org\/blog\/il-passa-la-nuit-a-prier-dieu-3\/","title":{"rendered":"\u00ab Il passa la nuit \u00e0 prier Dieu. \u00bb"},"content":{"rendered":"<p><img loading=\"lazy\" decoding=\"async\" class=\"aligncenter wp-image-20672\" src=\"https:\/\/www.associationdemarie.org\/blog\/wp-content\/uploads\/2021\/08\/JwMe18dnO1_uLSovNMSFoKEip5I.jpg\" alt=\"\" width=\"463\" height=\"333\" srcset=\"https:\/\/www.associationdemarie.org\/blog\/wp-content\/uploads\/2021\/08\/JwMe18dnO1_uLSovNMSFoKEip5I.jpg 500w, https:\/\/www.associationdemarie.org\/blog\/wp-content\/uploads\/2021\/08\/JwMe18dnO1_uLSovNMSFoKEip5I-300x216.jpg 300w\" sizes=\"auto, (max-width: 463px) 100vw, 463px\" \/><\/p>\n<p>Nous ne pouvons pas trouver Dieu dans le bruit, dans l&rsquo;agitation. (\u2026) Dans le silence, Dieu nous \u00e9coute ; dans le silence, il parle \u00e0 nos \u00e2mes. Dans le silence, il nous est donn\u00e9 le privil\u00e8ge d&rsquo;entendre Sa voix :<\/p>\n<p>Silence de nos yeux.<br \/>\nSilence de nos oreilles.<br \/>\nSilence de notre bouche.<br \/>\nSilence de notre esprit.<br \/>\nDans le silence du c\u0153ur,<br \/>\nDieu parlera.<\/p>\n<p>Le silence du c\u0153ur est n\u00e9cessaire afin d&rsquo;entendre Dieu partout \u2014 dans la porte qui se ferme, la personne qui te r\u00e9clame, les oiseaux qui chantent, et les fleurs, et les animaux. Si nous sommes attentifs au silence, il sera facile de prier. Il y a tant de bavardages, de choses r\u00e9p\u00e9t\u00e9es, de choses rapport\u00e9es dans ce qu&rsquo;on dit et \u00e9crit. Notre vie de pri\u00e8re souffre parce que nos c\u0153urs ne sont pas silencieux. Je garderai plus soigneusement le silence de mon c\u0153ur, afin que, dans le silence de mon c\u0153ur, j&rsquo;entende Ses mots de consolation et que de la pl\u00e9nitude de mon c\u0153ur, je console J\u00e9sus cach\u00e9 dans la d\u00e9tresse des pauvres.<\/p>\n<h3 class=\"GospelCommentaryAuthor-name commentary-author font-2\">Sainte Teresa de Calcutta (1910-1997)<\/h3>\n<p>&nbsp;<\/p>\n<p>&nbsp;<\/p>\n<p>&nbsp;<\/p>\n","protected":false},"excerpt":{"rendered":"<p>Nous ne pouvons pas trouver Dieu dans le bruit, dans l&rsquo;agitation. (\u2026) Dans le silence, Dieu nous \u00e9coute ; dans le silence, il parle \u00e0 nos \u00e2mes. Dans le silence, il nous est donn\u00e9 le privil\u00e8ge d&rsquo;entendre Sa voix : Silence de nos yeux. Silence de nos oreilles. Silence de notre bouche. Silence de notre [&hellip;]<\/p>\n","protected":false},"author":2,"featured_media":0,"comment_status":"closed","ping_status":"closed","sticky":false,"template":"","format":"standard","meta":{"footnotes":""},"categories":[1261,26],"tags":[830,983,1465],"class_list":["post-20671","post","type-post","status-publish","format-standard","hentry","category-enseignement-2","category-priere-des-ames","tag-priere","tag-silence","tag-ste-therese-de-calcutta"],"_links":{"self":[{"href":"https:\/\/www.associationdemarie.org\/blog\/wp-json\/wp\/v2\/posts\/20671","targetHints":{"allow":["GET"]}}],"collection":[{"href":"https:\/\/www.associationdemarie.org\/blog\/wp-json\/wp\/v2\/posts"}],"about":[{"href":"https:\/\/www.associationdemarie.org\/blog\/wp-json\/wp\/v2\/types\/post"}],"author":[{"embeddable":true,"href":"https:\/\/www.associationdemarie.org\/blog\/wp-json\/wp\/v2\/users\/2"}],"replies":[{"embeddable":true,"href":"https:\/\/www.associationdemarie.org\/blog\/wp-json\/wp\/v2\/comments?post=20671"}],"version-history":[{"count":3,"href":"https:\/\/www.associationdemarie.org\/blog\/wp-json\/wp\/v2\/posts\/20671\/revisions"}],"predecessor-version":[{"id":20675,"href":"https:\/\/www.associationdemarie.org\/blog\/wp-json\/wp\/v2\/posts\/20671\/revisions\/20675"}],"wp:attachment":[{"href":"https:\/\/www.associationdemarie.org\/blog\/wp-json\/wp\/v2\/media?parent=20671"}],"wp:term":[{"taxonomy":"category","embeddable":true,"href":"https:\/\/www.associationdemarie.org\/blog\/wp-json\/wp\/v2\/categories?post=20671"},{"taxonomy":"post_tag","embeddable":true,"href":"https:\/\/www.associationdemarie.org\/blog\/wp-json\/wp\/v2\/tags?post=20671"}],"curies":[{"name":"wp","href":"https:\/\/api.w.org\/{rel}","templated":true}]}}