{"id":2067,"date":"2011-01-03T01:08:15","date_gmt":"2011-01-03T01:08:15","guid":{"rendered":"http:\/\/preprod.meltem-int.com\/marie\/blog\/?p=2067"},"modified":"2011-01-03T01:08:15","modified_gmt":"2011-01-03T01:08:15","slug":"regard-nouveau","status":"publish","type":"post","link":"https:\/\/www.associationdemarie.org\/blog\/regard-nouveau\/","title":{"rendered":"Regard nouveau"},"content":{"rendered":"<p><a href=\"https:\/\/www.associationdemarie.org\/blog\/wp-content\/uploads\/2010\/12\/sommet-de-montagne-recouver.jpg\"><img loading=\"lazy\" decoding=\"async\" class=\"aligncenter size-medium wp-image-2068\" title=\"sommet-de-montagne-recouver\" src=\"https:\/\/www.associationdemarie.org\/blog\/wp-content\/uploads\/2010\/12\/sommet-de-montagne-recouver-300x225.jpg\" alt=\"\" width=\"300\" height=\"225\" srcset=\"https:\/\/www.associationdemarie.org\/blog\/wp-content\/uploads\/2010\/12\/sommet-de-montagne-recouver-300x225.jpg 300w, https:\/\/www.associationdemarie.org\/blog\/wp-content\/uploads\/2010\/12\/sommet-de-montagne-recouver.jpg 1024w\" sizes=\"auto, (max-width: 300px) 100vw, 300px\" \/><\/a><br \/>\n\u00ab Quand la neige recouvre les monts, votre regard ignore le temps mais admire la beaut\u00e9. \u00bb Il en est ainsi des \u00e9l\u00e9ments naturels de votre monde, car tout ceci est cr\u00e9ation de Dieu le P\u00e8re, mais il vous faut voir avec les yeux du c\u0153ur.<br \/>\nVoici ces quelques mots afin d\u2019\u00e9difier en vous-m\u00eames le regard du c\u0153ur aux merveilles de Dieu le P\u00e8re, \u00e0 Son Amour sans fin, \u00e0 Son Pardon et Sa tr\u00e8s grande Mis\u00e9ricorde. A vous, mes enfants, l\u2019Eternel offre Sa B\u00e9n\u00e9diction: \u00abAu nom du P\u00e8re, et du Fils, et du Saint-Esprit\u00bb.<\/p>\n<p>Marie M\u00e8re des hommes &#8211; d\u00e9cembre 2010<\/p>\n<p><span style=\"color: #ffffff;\">.<\/span><\/p>\n<p><span style=\"color: #ffffff;\">.<\/span><\/p>\n","protected":false},"excerpt":{"rendered":"<p>\u00ab Quand la neige recouvre les monts, votre regard ignore le temps mais admire la beaut\u00e9. \u00bb Il en est ainsi des \u00e9l\u00e9ments naturels de votre monde, car tout ceci est cr\u00e9ation de Dieu le P\u00e8re, mais il vous faut voir avec les yeux du c\u0153ur. Voici ces quelques mots afin d\u2019\u00e9difier en vous-m\u00eames le [&hellip;]<\/p>\n","protected":false},"author":2,"featured_media":0,"comment_status":"closed","ping_status":"closed","sticky":false,"template":"","format":"standard","meta":{"footnotes":""},"categories":[2,16,19],"tags":[138,140,236,269,297,666,678,686,767,874],"class_list":["post-2067","post","type-post","status-publish","format-standard","hentry","category-actualites","category-jardins-de-la-bible","category-messages","tag-beaute","tag-benediction","tag-coeur","tag-creation","tag-dieu-le-pere","tag-merveilles","tag-misericorde","tag-monde","tag-pardon","tag-regard"],"_links":{"self":[{"href":"https:\/\/www.associationdemarie.org\/blog\/wp-json\/wp\/v2\/posts\/2067","targetHints":{"allow":["GET"]}}],"collection":[{"href":"https:\/\/www.associationdemarie.org\/blog\/wp-json\/wp\/v2\/posts"}],"about":[{"href":"https:\/\/www.associationdemarie.org\/blog\/wp-json\/wp\/v2\/types\/post"}],"author":[{"embeddable":true,"href":"https:\/\/www.associationdemarie.org\/blog\/wp-json\/wp\/v2\/users\/2"}],"replies":[{"embeddable":true,"href":"https:\/\/www.associationdemarie.org\/blog\/wp-json\/wp\/v2\/comments?post=2067"}],"version-history":[{"count":0,"href":"https:\/\/www.associationdemarie.org\/blog\/wp-json\/wp\/v2\/posts\/2067\/revisions"}],"wp:attachment":[{"href":"https:\/\/www.associationdemarie.org\/blog\/wp-json\/wp\/v2\/media?parent=2067"}],"wp:term":[{"taxonomy":"category","embeddable":true,"href":"https:\/\/www.associationdemarie.org\/blog\/wp-json\/wp\/v2\/categories?post=2067"},{"taxonomy":"post_tag","embeddable":true,"href":"https:\/\/www.associationdemarie.org\/blog\/wp-json\/wp\/v2\/tags?post=2067"}],"curies":[{"name":"wp","href":"https:\/\/api.w.org\/{rel}","templated":true}]}}