{"id":20663,"date":"2021-09-05T01:56:18","date_gmt":"2021-09-05T00:56:18","guid":{"rendered":"http:\/\/www.associationdemarie.org\/blog\/?p=20663"},"modified":"2021-08-14T14:59:15","modified_gmt":"2021-08-14T13:59:15","slug":"il-lui-mit-les-doigts-dans-les-oreilles-et-lui-toucha-la-langue-2","status":"publish","type":"post","link":"https:\/\/www.associationdemarie.org\/blog\/il-lui-mit-les-doigts-dans-les-oreilles-et-lui-toucha-la-langue-2\/","title":{"rendered":"\u00ab Il lui mit les doigts dans les oreilles et (&#8230;) lui toucha la langue. \u00bb"},"content":{"rendered":"<p><img loading=\"lazy\" decoding=\"async\" class=\"aligncenter  wp-image-20664\" src=\"https:\/\/www.associationdemarie.org\/blog\/wp-content\/uploads\/2021\/08\/JesusSourd.jpg\" alt=\"\" width=\"453\" height=\"255\" srcset=\"https:\/\/www.associationdemarie.org\/blog\/wp-content\/uploads\/2021\/08\/JesusSourd.jpg 1920w, https:\/\/www.associationdemarie.org\/blog\/wp-content\/uploads\/2021\/08\/JesusSourd-300x169.jpg 300w, https:\/\/www.associationdemarie.org\/blog\/wp-content\/uploads\/2021\/08\/JesusSourd-768x432.jpg 768w, https:\/\/www.associationdemarie.org\/blog\/wp-content\/uploads\/2021\/08\/JesusSourd-1024x576.jpg 1024w\" sizes=\"auto, (max-width: 453px) 100vw, 453px\" \/><\/p>\n<p>La force divine que l&rsquo;homme ne peut pas toucher est descendue, elle s&rsquo;est envelopp\u00e9e dans un corps palpable, afin que les pauvres la touchent, et qu&rsquo;en touchant l&rsquo;humanit\u00e9 du Christ, ils per\u00e7oivent sa divinit\u00e9. \u00c0 travers des doigts de chair, le sourd-muet a senti qu&rsquo;on touchait ses oreilles et sa langue. \u00c0 travers des doigts palpables, il a per\u00e7u la divinit\u00e9 intouchable quand le lien de sa langue a \u00e9t\u00e9 rompu et quand les portes closes de ses oreilles ont \u00e9t\u00e9 ouvertes. Car l&rsquo;architecte et l&rsquo;artisan du corps est venu jusqu&rsquo;\u00e0 lui, et d&rsquo;une parole douce, il a cr\u00e9\u00e9 sans douleur des ouvertures dans des oreilles sourdes ; alors aussi, cette bouche ferm\u00e9e, jusqu&rsquo;alors incapable de donner le jour \u00e0 la parole, a mis au monde la louange de celui qui faisait ainsi porter du fruit \u00e0 sa st\u00e9rilit\u00e9.<\/p>\n<p>De m\u00eame, le Seigneur a form\u00e9 de la boue avec sa salive et l&rsquo;a \u00e9tendue sur les yeux de l&rsquo;aveugle-n\u00e9 (Jn 9,6) pour nous faire comprendre que quelque chose lui manquait, comme au sourd-muet. Une imperfection inn\u00e9e de notre p\u00e2te humaine a \u00e9t\u00e9 supprim\u00e9e gr\u00e2ce au levain qui vient de son corps parfait. (&#8230;) Pour combler ce qui manquait \u00e0 ces corps humains, il a donn\u00e9 quelque chose de lui-m\u00eame, tout comme il se donne \u00e0 manger [dans l&rsquo;eucharistie]. C&rsquo;est par ce moyen qu&rsquo;il fait dispara\u00eetre les d\u00e9fauts et ressuscite les morts, pour que nous puissions reconna\u00eetre que, gr\u00e2ce \u00e0 son corps \u00ab o\u00f9 habite la pl\u00e9nitude de la divinit\u00e9 \u00bb (Col 2,9), les d\u00e9fauts de notre humanit\u00e9 sont combl\u00e9s et que la vraie vie est donn\u00e9e aux mortels par ce corps o\u00f9 habite la vraie vie.<\/p>\n<h3 class=\"GospelCommentaryAuthor-name commentary-author font-2\">Saint \u00c9phrem (v. 306-373)<\/h3>\n","protected":false},"excerpt":{"rendered":"<p>La force divine que l&rsquo;homme ne peut pas toucher est descendue, elle s&rsquo;est envelopp\u00e9e dans un corps palpable, afin que les pauvres la touchent, et qu&rsquo;en touchant l&rsquo;humanit\u00e9 du Christ, ils per\u00e7oivent sa divinit\u00e9. \u00c0 travers des doigts de chair, le sourd-muet a senti qu&rsquo;on touchait ses oreilles et sa langue. \u00c0 travers des doigts [&hellip;]<\/p>\n","protected":false},"author":2,"featured_media":0,"comment_status":"closed","ping_status":"closed","sticky":false,"template":"","format":"standard","meta":{"footnotes":""},"categories":[13,1261],"tags":[269,1594,1028],"class_list":["post-20663","post","type-post","status-publish","format-standard","hentry","category-ecritures","category-enseignement-2","tag-creation","tag-sourd","tag-st-ephrem"],"_links":{"self":[{"href":"https:\/\/www.associationdemarie.org\/blog\/wp-json\/wp\/v2\/posts\/20663","targetHints":{"allow":["GET"]}}],"collection":[{"href":"https:\/\/www.associationdemarie.org\/blog\/wp-json\/wp\/v2\/posts"}],"about":[{"href":"https:\/\/www.associationdemarie.org\/blog\/wp-json\/wp\/v2\/types\/post"}],"author":[{"embeddable":true,"href":"https:\/\/www.associationdemarie.org\/blog\/wp-json\/wp\/v2\/users\/2"}],"replies":[{"embeddable":true,"href":"https:\/\/www.associationdemarie.org\/blog\/wp-json\/wp\/v2\/comments?post=20663"}],"version-history":[{"count":2,"href":"https:\/\/www.associationdemarie.org\/blog\/wp-json\/wp\/v2\/posts\/20663\/revisions"}],"predecessor-version":[{"id":20666,"href":"https:\/\/www.associationdemarie.org\/blog\/wp-json\/wp\/v2\/posts\/20663\/revisions\/20666"}],"wp:attachment":[{"href":"https:\/\/www.associationdemarie.org\/blog\/wp-json\/wp\/v2\/media?parent=20663"}],"wp:term":[{"taxonomy":"category","embeddable":true,"href":"https:\/\/www.associationdemarie.org\/blog\/wp-json\/wp\/v2\/categories?post=20663"},{"taxonomy":"post_tag","embeddable":true,"href":"https:\/\/www.associationdemarie.org\/blog\/wp-json\/wp\/v2\/tags?post=20663"}],"curies":[{"name":"wp","href":"https:\/\/api.w.org\/{rel}","templated":true}]}}