{"id":20652,"date":"2021-09-02T01:15:47","date_gmt":"2021-09-02T00:15:47","guid":{"rendered":"http:\/\/www.associationdemarie.org\/blog\/?p=20652"},"modified":"2021-08-12T09:24:53","modified_gmt":"2021-08-12T08:24:53","slug":"sois-sans-crainte-desormais-ce-sont-des-hommes-que-tu-prendras-4","status":"publish","type":"post","link":"https:\/\/www.associationdemarie.org\/blog\/sois-sans-crainte-desormais-ce-sont-des-hommes-que-tu-prendras-4\/","title":{"rendered":"\u00ab Sois sans crainte, d\u00e9sormais ce sont des hommes que tu prendras. \u00bb"},"content":{"rendered":"<p><img loading=\"lazy\" decoding=\"async\" class=\"aligncenter  wp-image-20653\" src=\"https:\/\/www.associationdemarie.org\/blog\/wp-content\/uploads\/2021\/08\/p\u00eache-miraculeuse-quatre-450.jpg\" alt=\"\" width=\"465\" height=\"526\" srcset=\"https:\/\/www.associationdemarie.org\/blog\/wp-content\/uploads\/2021\/08\/p\u00eache-miraculeuse-quatre-450.jpg 398w, https:\/\/www.associationdemarie.org\/blog\/wp-content\/uploads\/2021\/08\/p\u00eache-miraculeuse-quatre-450-265x300.jpg 265w\" sizes=\"auto, (max-width: 465px) 100vw, 465px\" \/><\/p>\n<p>Je suis grandement redevable \u00e0 Dieu, qui m&rsquo;a accord\u00e9 une gr\u00e2ce si grande que, par mon interm\u00e9diaire, \u00ab des peuples nombreux \u00bb sont n\u00e9s \u00e0 nouveau pour Dieu (&#8230;) : \u00ab Je t&rsquo;ai \u00e9tabli comme une lumi\u00e8re parmi les nations, pour porter le salut jusqu&rsquo;\u00e0 l&rsquo;extr\u00e9mit\u00e9 de la terre \u00bb (&#8230;) C&rsquo;est ainsi que je veux \u00ab attendre ce qu&rsquo;a promis \u00bb celui qui ne fait jamais d\u00e9faut, comme il en donne l&rsquo;assurance dans l&rsquo;\u00c9vangile : \u00ab Ils viendront de l&rsquo;Orient et de l&rsquo;Occident et se mettront \u00e0 table avec Abraham, Isaac et Jacob \u00bb. Ainsi nous avons confiance que des croyants viendront du monde entier.<\/p>\n<p>C&rsquo;est pourquoi il importe de s&rsquo;adonner \u00e0 la p\u00eache comme il faut et avec vigilance, selon l&rsquo;exhortation et l&rsquo;enseignement du Seigneur qui dit : \u00ab Venez \u00e0 ma suite et je vous ferai p\u00eacheurs d&rsquo;hommes \u00bb. Il dit encore par les proph\u00e8tes : \u00ab Voici que j&rsquo;envoie des p\u00eacheurs et des chasseurs en grand nombre \u00bb. C&rsquo;est pourquoi il \u00e9tait tr\u00e8s important de tendre nos filets, afin qu&rsquo; \u00ab une grande multitude \u00bb, qu&rsquo;\u00ab une foule \u00bb de gens soit prise pour Dieu et que, pour baptiser et exhorter le peuple, il y ait partout des pr\u00eatres, selon la parole du Seigneur : \u00ab Allez donc maintenant instruire toutes les nations, les baptisant au nom du P\u00e8re et du Fils et du Saint-Esprit et leur apprenant \u00e0 observer tout ce que je vous ai command\u00e9 ; et voici que moi je suis avec vous tous les jours jusqu&rsquo;\u00e0 la fin du monde \u00bb.<\/p>\n<h3 class=\"GospelCommentaryAuthor-name commentary-author font-2\">Saint Patrick (v. 385-v. 461)<\/h3>\n<p>(R\u00e9f\u00e9rences bibliques : Ez 38,6; Is 49,6; Ac 1,4; Mt 8,11; Mt 4,19; Jr 16,16; Lc 5,6; Lc 6,17; Mt 28,19)<\/p>\n<p>&nbsp;<\/p>\n<p>&nbsp;<\/p>\n","protected":false},"excerpt":{"rendered":"<p>Je suis grandement redevable \u00e0 Dieu, qui m&rsquo;a accord\u00e9 une gr\u00e2ce si grande que, par mon interm\u00e9diaire, \u00ab des peuples nombreux \u00bb sont n\u00e9s \u00e0 nouveau pour Dieu (&#8230;) : \u00ab Je t&rsquo;ai \u00e9tabli comme une lumi\u00e8re parmi les nations, pour porter le salut jusqu&rsquo;\u00e0 l&rsquo;extr\u00e9mit\u00e9 de la terre \u00bb (&#8230;) C&rsquo;est ainsi que je [&hellip;]<\/p>\n","protected":false},"author":2,"featured_media":0,"comment_status":"closed","ping_status":"closed","sticky":false,"template":"","format":"standard","meta":{"footnotes":""},"categories":[13,1261],"tags":[387,1282],"class_list":["post-20652","post","type-post","status-publish","format-standard","hentry","category-ecritures","category-enseignement-2","tag-evangelisation","tag-st-patrick"],"_links":{"self":[{"href":"https:\/\/www.associationdemarie.org\/blog\/wp-json\/wp\/v2\/posts\/20652","targetHints":{"allow":["GET"]}}],"collection":[{"href":"https:\/\/www.associationdemarie.org\/blog\/wp-json\/wp\/v2\/posts"}],"about":[{"href":"https:\/\/www.associationdemarie.org\/blog\/wp-json\/wp\/v2\/types\/post"}],"author":[{"embeddable":true,"href":"https:\/\/www.associationdemarie.org\/blog\/wp-json\/wp\/v2\/users\/2"}],"replies":[{"embeddable":true,"href":"https:\/\/www.associationdemarie.org\/blog\/wp-json\/wp\/v2\/comments?post=20652"}],"version-history":[{"count":2,"href":"https:\/\/www.associationdemarie.org\/blog\/wp-json\/wp\/v2\/posts\/20652\/revisions"}],"predecessor-version":[{"id":20655,"href":"https:\/\/www.associationdemarie.org\/blog\/wp-json\/wp\/v2\/posts\/20652\/revisions\/20655"}],"wp:attachment":[{"href":"https:\/\/www.associationdemarie.org\/blog\/wp-json\/wp\/v2\/media?parent=20652"}],"wp:term":[{"taxonomy":"category","embeddable":true,"href":"https:\/\/www.associationdemarie.org\/blog\/wp-json\/wp\/v2\/categories?post=20652"},{"taxonomy":"post_tag","embeddable":true,"href":"https:\/\/www.associationdemarie.org\/blog\/wp-json\/wp\/v2\/tags?post=20652"}],"curies":[{"name":"wp","href":"https:\/\/api.w.org\/{rel}","templated":true}]}}