{"id":20621,"date":"2021-08-24T01:46:26","date_gmt":"2021-08-24T00:46:26","guid":{"rendered":"http:\/\/www.associationdemarie.org\/blog\/?p=20621"},"modified":"2021-08-03T06:48:36","modified_gmt":"2021-08-03T05:48:36","slug":"viens-et-vois","status":"publish","type":"post","link":"https:\/\/www.associationdemarie.org\/blog\/viens-et-vois\/","title":{"rendered":"\u00ab Viens, et vois ! \u00bb"},"content":{"rendered":"<p><img loading=\"lazy\" decoding=\"async\" class=\"aligncenter  wp-image-20622\" src=\"https:\/\/www.associationdemarie.org\/blog\/wp-content\/uploads\/2021\/08\/landscape-4489716_1920-1038x576.jpg\" alt=\"\" width=\"476\" height=\"264\" srcset=\"https:\/\/www.associationdemarie.org\/blog\/wp-content\/uploads\/2021\/08\/landscape-4489716_1920-1038x576.jpg 1038w, https:\/\/www.associationdemarie.org\/blog\/wp-content\/uploads\/2021\/08\/landscape-4489716_1920-1038x576-300x166.jpg 300w, https:\/\/www.associationdemarie.org\/blog\/wp-content\/uploads\/2021\/08\/landscape-4489716_1920-1038x576-768x426.jpg 768w, https:\/\/www.associationdemarie.org\/blog\/wp-content\/uploads\/2021\/08\/landscape-4489716_1920-1038x576-1024x568.jpg 1024w\" sizes=\"auto, (max-width: 476px) 100vw, 476px\" \/><\/p>\n<p>J\u00e9sus a renouvel\u00e9 aux saints ap\u00f4tres l&rsquo;appel adress\u00e9 \u00e0 Abraham. Et leur foi ressemblait \u00e0 celle d&rsquo;Abraham ; car, de m\u00eame qu&rsquo;Abraham a ob\u00e9i aussit\u00f4t qu&rsquo;il a \u00e9t\u00e9 appel\u00e9 (Gn 12), de m\u00eame les ap\u00f4tres sont partis \u00e0 la suite de J\u00e9sus aussit\u00f4t qu&rsquo;il les a appel\u00e9s et qu&rsquo;ils l&rsquo;ont entendu. (&#8230;) Ce n&rsquo;est pas un long enseignement qui les a faits disciples, mais le seul fait d&rsquo;avoir entendu la parole de la foi. Parce que leur foi \u00e9tait vivante, aussit\u00f4t qu&rsquo;elle a entendu la voix vivante, elle a ob\u00e9i \u00e0 la vie. Ils ont couru aussit\u00f4t \u00e0 sa suite sans retard ; et on voit par cela qu&rsquo;ils \u00e9taient disciples dans leur c\u0153ur avant m\u00eame d&rsquo;\u00eatre appel\u00e9s.<\/p>\n<p>Voil\u00e0 comment agit la foi qui a gard\u00e9 la simplicit\u00e9. Ce n&rsquo;est pas \u00e0 force d&rsquo;arguments qu&rsquo;elle re\u00e7oit l&rsquo;enseignement ; mais, de m\u00eame qu&rsquo;un \u0153il sain et pur re\u00e7oit le rayon de soleil qui lui est envoy\u00e9, sans raisonner ni travailler, et qu&rsquo;il per\u00e7oit la lumi\u00e8re aussit\u00f4t qu&rsquo;il est ouvert (&#8230;) de m\u00eame ceux qui ont la foi naturelle reconnaissent la voix de Dieu aussit\u00f4t qu&rsquo;ils l&rsquo;entendent. La lumi\u00e8re de sa parole se l\u00e8ve en eux ; ils se lancent joyeusement au-devant d&rsquo;elle et la re\u00e7oivent, comme l&rsquo;a dit notre Seigneur dans l\u2019\u00c9vangile : \u00ab Mes brebis entendent ma voix et elles me suivent \u00bb (Jn 10,27).<\/p>\n<h3 class=\"GospelCommentaryAuthor-name commentary-author font-2\">Philox\u00e8ne de Mabboug (?-v. 523)<\/h3>\n<p>&nbsp;<\/p>\n<p>&nbsp;<\/p>\n<p>&nbsp;<\/p>\n","protected":false},"excerpt":{"rendered":"<p>J\u00e9sus a renouvel\u00e9 aux saints ap\u00f4tres l&rsquo;appel adress\u00e9 \u00e0 Abraham. Et leur foi ressemblait \u00e0 celle d&rsquo;Abraham ; car, de m\u00eame qu&rsquo;Abraham a ob\u00e9i aussit\u00f4t qu&rsquo;il a \u00e9t\u00e9 appel\u00e9 (Gn 12), de m\u00eame les ap\u00f4tres sont partis \u00e0 la suite de J\u00e9sus aussit\u00f4t qu&rsquo;il les a appel\u00e9s et qu&rsquo;ils l&rsquo;ont entendu. (&#8230;) Ce n&rsquo;est pas [&hellip;]<\/p>\n","protected":false},"author":2,"featured_media":0,"comment_status":"closed","ping_status":"closed","sticky":false,"template":"","format":"standard","meta":{"footnotes":""},"categories":[1261],"tags":[32,84,1429],"class_list":["post-20621","post","type-post","status-publish","format-standard","hentry","category-enseignement-2","tag-abraham","tag-apotres","tag-philoxene-de-mabboug"],"_links":{"self":[{"href":"https:\/\/www.associationdemarie.org\/blog\/wp-json\/wp\/v2\/posts\/20621","targetHints":{"allow":["GET"]}}],"collection":[{"href":"https:\/\/www.associationdemarie.org\/blog\/wp-json\/wp\/v2\/posts"}],"about":[{"href":"https:\/\/www.associationdemarie.org\/blog\/wp-json\/wp\/v2\/types\/post"}],"author":[{"embeddable":true,"href":"https:\/\/www.associationdemarie.org\/blog\/wp-json\/wp\/v2\/users\/2"}],"replies":[{"embeddable":true,"href":"https:\/\/www.associationdemarie.org\/blog\/wp-json\/wp\/v2\/comments?post=20621"}],"version-history":[{"count":2,"href":"https:\/\/www.associationdemarie.org\/blog\/wp-json\/wp\/v2\/posts\/20621\/revisions"}],"predecessor-version":[{"id":20624,"href":"https:\/\/www.associationdemarie.org\/blog\/wp-json\/wp\/v2\/posts\/20621\/revisions\/20624"}],"wp:attachment":[{"href":"https:\/\/www.associationdemarie.org\/blog\/wp-json\/wp\/v2\/media?parent=20621"}],"wp:term":[{"taxonomy":"category","embeddable":true,"href":"https:\/\/www.associationdemarie.org\/blog\/wp-json\/wp\/v2\/categories?post=20621"},{"taxonomy":"post_tag","embeddable":true,"href":"https:\/\/www.associationdemarie.org\/blog\/wp-json\/wp\/v2\/tags?post=20621"}],"curies":[{"name":"wp","href":"https:\/\/api.w.org\/{rel}","templated":true}]}}