{"id":20618,"date":"2021-08-23T01:59:58","date_gmt":"2021-08-23T00:59:58","guid":{"rendered":"http:\/\/www.associationdemarie.org\/blog\/?p=20618"},"modified":"2021-08-02T07:02:20","modified_gmt":"2021-08-02T06:02:20","slug":"le-christ-nous-appelle-a-voir-la-lumiere-sur-nous-meme","status":"publish","type":"post","link":"https:\/\/www.associationdemarie.org\/blog\/le-christ-nous-appelle-a-voir-la-lumiere-sur-nous-meme\/","title":{"rendered":"Le Christ nous appelle \u00e0 voir la lumi\u00e8re sur nous-m\u00eame"},"content":{"rendered":"<p><img loading=\"lazy\" decoding=\"async\" class=\"aligncenter  wp-image-20619\" src=\"https:\/\/www.associationdemarie.org\/blog\/wp-content\/uploads\/2021\/08\/images-1.jpeg\" alt=\"\" width=\"465\" height=\"233\" srcset=\"https:\/\/www.associationdemarie.org\/blog\/wp-content\/uploads\/2021\/08\/images-1.jpeg 317w, https:\/\/www.associationdemarie.org\/blog\/wp-content\/uploads\/2021\/08\/images-1-300x150.jpeg 300w\" sizes=\"auto, (max-width: 465px) 100vw, 465px\" \/><\/p>\n<p>Averti par mes lectures \u00e0 faire un retour sur moi-m\u00eame, je suis entr\u00e9 dans le fond de mon c\u0153ur, sous ta conduite. Je l&rsquo;ai pu parce que tu t&rsquo;es fait mon soutien. J&rsquo;y suis entr\u00e9, et j&rsquo;ai vu, de je ne sais quel \u0153il, plus haut que ma pens\u00e9e, une lumi\u00e8re immuable. Ce n&rsquo;\u00e9tait pas la lumi\u00e8re ordinaire que per\u00e7oivent les yeux du corps, ni une lumi\u00e8re du m\u00eame genre mais plus puissante, plus \u00e9clatante, remplissant tout de son immensit\u00e9. Non, ce n&rsquo;\u00e9tait pas cela, mais une lumi\u00e8re diff\u00e9rente, tr\u00e8s diff\u00e9rente de tout cela.<\/p>\n<p>Elle n&rsquo;\u00e9tait pas non plus au-dessus de ma pens\u00e9e comme l&rsquo;huile surnage au-dessus de l&rsquo;eau, ni comme le ciel s&rsquo;\u00e9tend au-dessus de la terre. Elle \u00e9tait au-dessus parce que c&rsquo;est elle-m\u00eame qui m&rsquo;a fait ; et moi au-dessous, parce que je suis son ouvrage. Pour la conna\u00eetre, il faut conna\u00eetre la v\u00e9rit\u00e9 ; et celui qui la conna\u00eet, conna\u00eet l&rsquo;\u00e9ternit\u00e9 ; c&rsquo;est la charit\u00e9 qui la conna\u00eet. \u00d4 \u00e9ternelle v\u00e9rit\u00e9, vraie charit\u00e9, ch\u00e8re \u00e9ternit\u00e9 ! Tu es mon Dieu, et je soupire apr\u00e8s toi jour et nuit.<\/p>\n<p>Quand j&rsquo;ai commenc\u00e9 \u00e0 te conna\u00eetre, tu m&rsquo;as \u00e9lev\u00e9 vers toi pour me montrer que j&rsquo;avais encore bien des choses \u00e0 comprendre et combien j&rsquo;en \u00e9tais encore incapable. Tu m&rsquo;as fait voir la faiblesse de mes regards, en lan\u00e7ant sur moi ta splendeur, et j&rsquo;ai fr\u00e9mi d&rsquo;amour et d&rsquo;effroi. J&rsquo;ai d\u00e9couvert que j&rsquo;\u00e9tais loin de toi, dans la r\u00e9gion de la dissemblance, et ta voix me venait, comme des hauteurs : \u00ab Je suis le pain des grands ; grandis, et tu me mangeras. Et ce n&rsquo;est pas toi qui me changeras en toi, comme cela se passe pour la nourriture de ta chair ; mais toi, tu seras chang\u00e9 en moi \u00bb.<\/p>\n<h3 class=\"GospelCommentaryAuthor-name commentary-author font-2\">Saint Augustin (354-430)<\/h3>\n<p>&nbsp;<\/p>\n<p>&nbsp;<\/p>\n","protected":false},"excerpt":{"rendered":"<p>Averti par mes lectures \u00e0 faire un retour sur moi-m\u00eame, je suis entr\u00e9 dans le fond de mon c\u0153ur, sous ta conduite. Je l&rsquo;ai pu parce que tu t&rsquo;es fait mon soutien. J&rsquo;y suis entr\u00e9, et j&rsquo;ai vu, de je ne sais quel \u0153il, plus haut que ma pens\u00e9e, une lumi\u00e8re immuable. Ce n&rsquo;\u00e9tait pas [&hellip;]<\/p>\n","protected":false},"author":2,"featured_media":0,"comment_status":"closed","ping_status":"closed","sticky":false,"template":"","format":"standard","meta":{"footnotes":""},"categories":[1261],"tags":[220,600,1012],"class_list":["post-20618","post","type-post","status-publish","format-standard","hentry","category-enseignement-2","tag-christ","tag-lumiere","tag-st-augustin"],"_links":{"self":[{"href":"https:\/\/www.associationdemarie.org\/blog\/wp-json\/wp\/v2\/posts\/20618","targetHints":{"allow":["GET"]}}],"collection":[{"href":"https:\/\/www.associationdemarie.org\/blog\/wp-json\/wp\/v2\/posts"}],"about":[{"href":"https:\/\/www.associationdemarie.org\/blog\/wp-json\/wp\/v2\/types\/post"}],"author":[{"embeddable":true,"href":"https:\/\/www.associationdemarie.org\/blog\/wp-json\/wp\/v2\/users\/2"}],"replies":[{"embeddable":true,"href":"https:\/\/www.associationdemarie.org\/blog\/wp-json\/wp\/v2\/comments?post=20618"}],"version-history":[{"count":1,"href":"https:\/\/www.associationdemarie.org\/blog\/wp-json\/wp\/v2\/posts\/20618\/revisions"}],"predecessor-version":[{"id":20620,"href":"https:\/\/www.associationdemarie.org\/blog\/wp-json\/wp\/v2\/posts\/20618\/revisions\/20620"}],"wp:attachment":[{"href":"https:\/\/www.associationdemarie.org\/blog\/wp-json\/wp\/v2\/media?parent=20618"}],"wp:term":[{"taxonomy":"category","embeddable":true,"href":"https:\/\/www.associationdemarie.org\/blog\/wp-json\/wp\/v2\/categories?post=20618"},{"taxonomy":"post_tag","embeddable":true,"href":"https:\/\/www.associationdemarie.org\/blog\/wp-json\/wp\/v2\/tags?post=20618"}],"curies":[{"name":"wp","href":"https:\/\/api.w.org\/{rel}","templated":true}]}}