{"id":20612,"date":"2021-08-21T01:33:06","date_gmt":"2021-08-21T00:33:06","guid":{"rendered":"http:\/\/www.associationdemarie.org\/blog\/?p=20612"},"modified":"2021-07-31T10:35:02","modified_gmt":"2021-07-31T09:35:02","slug":"vous-etes-tous-freres","status":"publish","type":"post","link":"https:\/\/www.associationdemarie.org\/blog\/vous-etes-tous-freres\/","title":{"rendered":"\u00ab Vous \u00eates tous fr\u00e8res. \u00bb"},"content":{"rendered":"<p><img loading=\"lazy\" decoding=\"async\" class=\"aligncenter size-full wp-image-20613\" src=\"https:\/\/www.associationdemarie.org\/blog\/wp-content\/uploads\/2021\/07\/unnamed-1.png\" alt=\"\" width=\"408\" height=\"512\" srcset=\"https:\/\/www.associationdemarie.org\/blog\/wp-content\/uploads\/2021\/07\/unnamed-1.png 408w, https:\/\/www.associationdemarie.org\/blog\/wp-content\/uploads\/2021\/07\/unnamed-1-239x300.png 239w\" sizes=\"auto, (max-width: 408px) 100vw, 408px\" \/><\/p>\n<p>\u00ab L\u00e0 o\u00f9 deux ou trois sont r\u00e9unis en mon nom, dit J\u00e9sus, je suis au milieu d&rsquo;eux \u00bb (Mt 18,20). (&#8230;) Mais qu&rsquo;est-ce que je vois ? Des chr\u00e9tiens qui servent sous le m\u00eame \u00e9tendard, sous le m\u00eame chef, se d\u00e9vorent et se d\u00e9chirent : les uns pour un peu d&rsquo;or, d&rsquo;autres pour la gloire, certains sans aucun motif, d&rsquo;autres pour le plaisir d&rsquo;un bon mot ! (&#8230;) Parmi nous, le nom de fr\u00e8res est un vain mot. (&#8230;)<\/p>\n<p>Respectez cette table sainte o\u00f9 nous sommes tous convoqu\u00e9s ; respectez le Christ immol\u00e9 pour nous ; respectez le sacrifice qui y est offert. (&#8230;) Apr\u00e8s avoir eu part \u00e0 une telle table et avoir communi\u00e9 \u00e0 un tel aliment, nous prendrions les armes les uns contre les autres alors que nous devrions nous armer tous ensemble contre le d\u00e9mon ! (&#8230;) Nous oublions cet adversaire pour tourner nos fl\u00e8ches contre nos fr\u00e8res ? \u2014Quelles fl\u00e8ches, direz-vous ? \u2014 Ceux que lancent la langue et les l\u00e8vres. Il n&rsquo;y a pas que les fl\u00e8ches aux pointes de fer qui blessent : certaines paroles causent des blessures bien plus profondes.<\/p>\n<h3 class=\"GospelCommentaryAuthor-name commentary-author font-2\">Saint Jean Chrysostome (v. 345-407)<\/h3>\n<p>&nbsp;<\/p>\n<p>&nbsp;<\/p>\n","protected":false},"excerpt":{"rendered":"<p>\u00ab L\u00e0 o\u00f9 deux ou trois sont r\u00e9unis en mon nom, dit J\u00e9sus, je suis au milieu d&rsquo;eux \u00bb (Mt 18,20). (&#8230;) Mais qu&rsquo;est-ce que je vois ? Des chr\u00e9tiens qui servent sous le m\u00eame \u00e9tendard, sous le m\u00eame chef, se d\u00e9vorent et se d\u00e9chirent : les uns pour un peu d&rsquo;or, d&rsquo;autres pour la [&hellip;]<\/p>\n","protected":false},"author":2,"featured_media":0,"comment_status":"closed","ping_status":"closed","sticky":false,"template":"","format":"standard","meta":{"footnotes":""},"categories":[13,1261],"tags":[435,1043,1168],"class_list":["post-20612","post","type-post","status-publish","format-standard","hentry","category-ecritures","category-enseignement-2","tag-fraternite","tag-st-jean-chrysostome","tag-unite"],"_links":{"self":[{"href":"https:\/\/www.associationdemarie.org\/blog\/wp-json\/wp\/v2\/posts\/20612","targetHints":{"allow":["GET"]}}],"collection":[{"href":"https:\/\/www.associationdemarie.org\/blog\/wp-json\/wp\/v2\/posts"}],"about":[{"href":"https:\/\/www.associationdemarie.org\/blog\/wp-json\/wp\/v2\/types\/post"}],"author":[{"embeddable":true,"href":"https:\/\/www.associationdemarie.org\/blog\/wp-json\/wp\/v2\/users\/2"}],"replies":[{"embeddable":true,"href":"https:\/\/www.associationdemarie.org\/blog\/wp-json\/wp\/v2\/comments?post=20612"}],"version-history":[{"count":1,"href":"https:\/\/www.associationdemarie.org\/blog\/wp-json\/wp\/v2\/posts\/20612\/revisions"}],"predecessor-version":[{"id":20614,"href":"https:\/\/www.associationdemarie.org\/blog\/wp-json\/wp\/v2\/posts\/20612\/revisions\/20614"}],"wp:attachment":[{"href":"https:\/\/www.associationdemarie.org\/blog\/wp-json\/wp\/v2\/media?parent=20612"}],"wp:term":[{"taxonomy":"category","embeddable":true,"href":"https:\/\/www.associationdemarie.org\/blog\/wp-json\/wp\/v2\/categories?post=20612"},{"taxonomy":"post_tag","embeddable":true,"href":"https:\/\/www.associationdemarie.org\/blog\/wp-json\/wp\/v2\/tags?post=20612"}],"curies":[{"name":"wp","href":"https:\/\/api.w.org\/{rel}","templated":true}]}}