{"id":20584,"date":"2021-08-13T01:48:42","date_gmt":"2021-08-13T00:48:42","guid":{"rendered":"http:\/\/www.associationdemarie.org\/blog\/?p=20584"},"modified":"2021-07-26T06:50:38","modified_gmt":"2021-07-26T05:50:38","slug":"des-le-commencement-le-createur-les-fit-homme-et-femme","status":"publish","type":"post","link":"https:\/\/www.associationdemarie.org\/blog\/des-le-commencement-le-createur-les-fit-homme-et-femme\/","title":{"rendered":"D\u00e8s le commencement, le Cr\u00e9ateur les fit homme et femme"},"content":{"rendered":"<p><img loading=\"lazy\" decoding=\"async\" class=\"aligncenter  wp-image-20585\" src=\"https:\/\/www.associationdemarie.org\/blog\/wp-content\/uploads\/2021\/07\/images-2.jpeg\" alt=\"\" width=\"410\" height=\"303\" \/><\/p>\n<p>\u00ab Dans le Seigneur, la femme ne va pas sans l&rsquo;homme, ni l&rsquo;homme sans la femme \u00bb, dit l&rsquo;ap\u00f4tre Paul (1Co 11,11). (&#8230;) L&rsquo;homme et la femme s&rsquo;acheminent ensemble vers le Royaume. Sans les s\u00e9parer, le Christ appelle en m\u00eame temps l&rsquo;homme et la femme, que Dieu unit et que la nature lie ensemble, en leur donnant de partager les m\u00eames gestes et les m\u00eames t\u00e2ches dans un accord admirable. Par le lien du mariage, Dieu fait que deux \u00eatres n&rsquo;en soient qu&rsquo;un et qu&rsquo;un seul \u00eatre soit deux, en sorte que l&rsquo;on y d\u00e9couvre un autre soi-m\u00eame, sans perdre sa singularit\u00e9 ou se confondre dans le couple.<\/p>\n<p>Mais pourquoi, dans les images qu&rsquo;il nous donne de son Royaume, Dieu fait-il intervenir ainsi l&rsquo;homme et la femme ? (cf Lc 13,18-21) Pourquoi sugg\u00e8re-t-il tant de grandeur \u00e0 l&rsquo;aide d&rsquo;exemples qui peuvent para\u00eetre faibles et disproportionn\u00e9s ? Fr\u00e8res, un myst\u00e8re pr\u00e9cieux se cache sous cette pauvret\u00e9. Selon le mot de l&rsquo;ap\u00f4tre Paul : \u00ab Ce myst\u00e8re est grand : (&#8230;) il s&rsquo;applique au Christ et \u00e0 son \u00c9glise \u00bb (Ep 5,32).<\/p>\n<p>Ces paraboles \u00e9voquent le plus grand projet de l&rsquo;humanit\u00e9 : l&rsquo;homme et la femme ont mis fin au proc\u00e8s du monde, un proc\u00e8s qui tra\u00eenait depuis des si\u00e8cles. Adam, le premier homme, et \u00c8ve, la premi\u00e8re femme, sont conduits de l&rsquo;arbre de la connaissance du bien et du mal au feu (&#8230;) de l&rsquo;\u00c9vangile. (&#8230;) Ces bouches rendues malades par le fruit de l&rsquo;arbre empoisonn\u00e9 seront gu\u00e9ries par la saveur chaleureuse de l&rsquo;arbre du salut, de cet arbre au go\u00fbt de feu qui embrase la conscience que l&rsquo;autre arbre avait glac\u00e9e. La nudit\u00e9 n&rsquo;a plus d&rsquo;effet ici, elle n&rsquo;inspire plus de honte : l&rsquo;homme et la femme sont habill\u00e9s enti\u00e8rement de pardon.<\/p>\n<h3 class=\"GospelCommentaryAuthor-name commentary-author font-2\">Saint Pierre Chrysologue (v. 406-450)<\/h3>\n<p>&nbsp;<\/p>\n<p>&nbsp;<\/p>\n","protected":false},"excerpt":{"rendered":"<p>\u00ab Dans le Seigneur, la femme ne va pas sans l&rsquo;homme, ni l&rsquo;homme sans la femme \u00bb, dit l&rsquo;ap\u00f4tre Paul (1Co 11,11). (&#8230;) L&rsquo;homme et la femme s&rsquo;acheminent ensemble vers le Royaume. Sans les s\u00e9parer, le Christ appelle en m\u00eame temps l&rsquo;homme et la femme, que Dieu unit et que la nature lie ensemble, en [&hellip;]<\/p>\n","protected":false},"author":2,"featured_media":0,"comment_status":"closed","ping_status":"closed","sticky":false,"template":"","format":"standard","meta":{"footnotes":""},"categories":[1261,16],"tags":[269,402,479,1072],"class_list":["post-20584","post","type-post","status-publish","format-standard","hentry","category-enseignement-2","category-jardins-de-la-bible","tag-creation","tag-femme","tag-homme","tag-st-pierre-chrysologue"],"_links":{"self":[{"href":"https:\/\/www.associationdemarie.org\/blog\/wp-json\/wp\/v2\/posts\/20584","targetHints":{"allow":["GET"]}}],"collection":[{"href":"https:\/\/www.associationdemarie.org\/blog\/wp-json\/wp\/v2\/posts"}],"about":[{"href":"https:\/\/www.associationdemarie.org\/blog\/wp-json\/wp\/v2\/types\/post"}],"author":[{"embeddable":true,"href":"https:\/\/www.associationdemarie.org\/blog\/wp-json\/wp\/v2\/users\/2"}],"replies":[{"embeddable":true,"href":"https:\/\/www.associationdemarie.org\/blog\/wp-json\/wp\/v2\/comments?post=20584"}],"version-history":[{"count":1,"href":"https:\/\/www.associationdemarie.org\/blog\/wp-json\/wp\/v2\/posts\/20584\/revisions"}],"predecessor-version":[{"id":20586,"href":"https:\/\/www.associationdemarie.org\/blog\/wp-json\/wp\/v2\/posts\/20584\/revisions\/20586"}],"wp:attachment":[{"href":"https:\/\/www.associationdemarie.org\/blog\/wp-json\/wp\/v2\/media?parent=20584"}],"wp:term":[{"taxonomy":"category","embeddable":true,"href":"https:\/\/www.associationdemarie.org\/blog\/wp-json\/wp\/v2\/categories?post=20584"},{"taxonomy":"post_tag","embeddable":true,"href":"https:\/\/www.associationdemarie.org\/blog\/wp-json\/wp\/v2\/tags?post=20584"}],"curies":[{"name":"wp","href":"https:\/\/api.w.org\/{rel}","templated":true}]}}