{"id":20567,"date":"2021-08-09T01:22:23","date_gmt":"2021-08-09T00:22:23","guid":{"rendered":"http:\/\/www.associationdemarie.org\/blog\/?p=20567"},"modified":"2021-07-24T07:24:35","modified_gmt":"2021-07-24T06:24:35","slug":"fete-de-sainte-therese-benedicte-de-la-croix-edith-stein-vierge-et-martyre-copatronne-de-leurope-3","status":"publish","type":"post","link":"https:\/\/www.associationdemarie.org\/blog\/fete-de-sainte-therese-benedicte-de-la-croix-edith-stein-vierge-et-martyre-copatronne-de-leurope-3\/","title":{"rendered":"F\u00eate de sainte Th\u00e9r\u00e8se-B\u00e9n\u00e9dicte de la Croix (\u00c9dith Stein), vierge et martyre, copatronne de l&rsquo;Europe"},"content":{"rendered":"<p><img loading=\"lazy\" decoding=\"async\" class=\"aligncenter size-full wp-image-20568\" src=\"https:\/\/www.associationdemarie.org\/blog\/wp-content\/uploads\/2021\/07\/edith-stein-et-l-holocauste-1.jpg\" alt=\"\" width=\"260\" height=\"358\" srcset=\"https:\/\/www.associationdemarie.org\/blog\/wp-content\/uploads\/2021\/07\/edith-stein-et-l-holocauste-1.jpg 260w, https:\/\/www.associationdemarie.org\/blog\/wp-content\/uploads\/2021\/07\/edith-stein-et-l-holocauste-1-218x300.jpg 218w\" sizes=\"auto, (max-width: 260px) 100vw, 260px\" \/><\/p>\n<p>Celui qui prie ne perd jamais l&rsquo;esp\u00e9rance, m\u00eame lorsqu&rsquo;il en vient \u00e0 se trouver dans des situations difficiles voire humainement d\u00e9sesp\u00e9r\u00e9es. C&rsquo;est ce que nous enseigne la Sainte \u00c9criture et ce dont t\u00e9moigne l&rsquo;histoire de l&rsquo;\u00c9glise. Combien d&rsquo;exemples, en effet, pourrions nous apporter de situations o\u00f9 c&rsquo;\u00e9tait v\u00e9ritablement la pri\u00e8re qui a soutenu le chemin des saints et du peuple chr\u00e9tien ! Parmi les t\u00e9moignages de notre \u00e9poque je voudrais citer celui de deux saints dont nous c\u00e9l\u00e9brons ces jours-ci la m\u00e9moire : Th\u00e9r\u00e8se B\u00e9n\u00e9dicte de la Croix, \u00c9dith Stein, dont nous avons c\u00e9l\u00e9br\u00e9 la f\u00eate le 9 ao\u00fbt, et Maximilien Marie Kolbe, que nous c\u00e9l\u00e9brerons le 14 ao\u00fbt, veille de la solennit\u00e9 de l&rsquo;Assomption de la Bienheureuse Vierge Marie. Tous deux ont conclu leur vie terrestre par le martyre dans le camp d&rsquo;Auschwitz. Apparemment leurs existences pourraient \u00eatre consid\u00e9r\u00e9es comme un \u00e9chec, mais c&rsquo;est pr\u00e9cis\u00e9ment dans leur martyre que resplendit l&rsquo;\u00e9clair de l&rsquo;amour, qui vainc les t\u00e9n\u00e8bres de l&rsquo;\u00e9go\u00efsme et de la haine. \u00c0 saint Maximilien Kolbe sont attribu\u00e9es les paroles suivantes qu&rsquo;il aurait prononc\u00e9es en pleine fureur de la pers\u00e9cution nazie : \u00ab La haine n&rsquo;est pas une force cr\u00e9atrice : seul l&rsquo;amour en est une \u00bb. (&#8230;)<\/p>\n<p>\u00c9dith Stein, le 6 ao\u00fbt 1942, \u00e0 trois jours de sa fin dramatique, approchant de ses cons\u0153urs du monast\u00e8re de Echt, en Hollande, leur a dit : \u00ab Je suis pr\u00eate \u00e0 tout. J\u00e9sus est ici aussi au milieu de nous. Jusqu&rsquo;\u00e0 pr\u00e9sent j&rsquo;ai pu tr\u00e8s bien prier et j&rsquo;ai dit de tout mon c\u0153ur : \u2018Ave, Crux, spes unica. Je te salue, \u00f4 croix, notre unique esp\u00e9rance\u2019 \u00bb. Des t\u00e9moins qui sont parvenus \u00e0 \u00e9chapper au massacre horrible ont racont\u00e9 que Th\u00e9r\u00e8se B\u00e9n\u00e9dicte de la Croix, tandis qu&rsquo;elle rev\u00eatait l&rsquo;habit carm\u00e9litain, avan\u00e7ait consciemment vers sa mort. Elle se distinguait par son comportement empli de paix, par son attitude sereine et par des mani\u00e8res calmes et attentives aux n\u00e9cessit\u00e9s de tous. La pri\u00e8re a \u00e9t\u00e9 le secret de cette sainte copatronne de l&rsquo;Europe, qui \u00ab m\u00eame apr\u00e8s \u00eatre parvenue \u00e0 la v\u00e9rit\u00e9 dans la paix de la vie contemplative, a d\u00fb vivre jusqu&rsquo;au bout le myst\u00e8re de la croix \u00bb (Jean-Paul II, Spes aedificandi).<\/p>\n<h3 class=\"GospelCommentaryAuthor-name commentary-author font-2\">Beno\u00eet XVI<\/h3>\n<p>&nbsp;<\/p>\n<p>&nbsp;<\/p>\n","protected":false},"excerpt":{"rendered":"<p>Celui qui prie ne perd jamais l&rsquo;esp\u00e9rance, m\u00eame lorsqu&rsquo;il en vient \u00e0 se trouver dans des situations difficiles voire humainement d\u00e9sesp\u00e9r\u00e9es. C&rsquo;est ce que nous enseigne la Sainte \u00c9criture et ce dont t\u00e9moigne l&rsquo;histoire de l&rsquo;\u00c9glise. Combien d&rsquo;exemples, en effet, pourrions nous apporter de situations o\u00f9 c&rsquo;\u00e9tait v\u00e9ritablement la pri\u00e8re qui a soutenu le chemin [&hellip;]<\/p>\n","protected":false},"author":2,"featured_media":0,"comment_status":"closed","ping_status":"closed","sticky":false,"template":"","format":"standard","meta":{"footnotes":""},"categories":[3,28],"tags":[142,335,647,1559],"class_list":["post-20567","post","type-post","status-publish","format-standard","hentry","category-liturgique","category-saints-et-saintes","tag-benoit-16","tag-edith-stein","tag-martyr","tag-st-maximilien-kolbe"],"_links":{"self":[{"href":"https:\/\/www.associationdemarie.org\/blog\/wp-json\/wp\/v2\/posts\/20567","targetHints":{"allow":["GET"]}}],"collection":[{"href":"https:\/\/www.associationdemarie.org\/blog\/wp-json\/wp\/v2\/posts"}],"about":[{"href":"https:\/\/www.associationdemarie.org\/blog\/wp-json\/wp\/v2\/types\/post"}],"author":[{"embeddable":true,"href":"https:\/\/www.associationdemarie.org\/blog\/wp-json\/wp\/v2\/users\/2"}],"replies":[{"embeddable":true,"href":"https:\/\/www.associationdemarie.org\/blog\/wp-json\/wp\/v2\/comments?post=20567"}],"version-history":[{"count":1,"href":"https:\/\/www.associationdemarie.org\/blog\/wp-json\/wp\/v2\/posts\/20567\/revisions"}],"predecessor-version":[{"id":20569,"href":"https:\/\/www.associationdemarie.org\/blog\/wp-json\/wp\/v2\/posts\/20567\/revisions\/20569"}],"wp:attachment":[{"href":"https:\/\/www.associationdemarie.org\/blog\/wp-json\/wp\/v2\/media?parent=20567"}],"wp:term":[{"taxonomy":"category","embeddable":true,"href":"https:\/\/www.associationdemarie.org\/blog\/wp-json\/wp\/v2\/categories?post=20567"},{"taxonomy":"post_tag","embeddable":true,"href":"https:\/\/www.associationdemarie.org\/blog\/wp-json\/wp\/v2\/tags?post=20567"}],"curies":[{"name":"wp","href":"https:\/\/api.w.org\/{rel}","templated":true}]}}