{"id":20528,"date":"2021-07-31T01:47:32","date_gmt":"2021-07-31T00:47:32","guid":{"rendered":"http:\/\/www.associationdemarie.org\/blog\/?p=20528"},"modified":"2021-07-10T07:50:19","modified_gmt":"2021-07-10T06:50:19","slug":"la-grandeur-de-jean-le-baptiste-2","status":"publish","type":"post","link":"https:\/\/www.associationdemarie.org\/blog\/la-grandeur-de-jean-le-baptiste-2\/","title":{"rendered":"La grandeur de Jean le Baptiste"},"content":{"rendered":"<p><img loading=\"lazy\" decoding=\"async\" class=\"aligncenter size-full wp-image-20529\" src=\"https:\/\/www.associationdemarie.org\/blog\/wp-content\/uploads\/2021\/07\/saint-jean-baptiste.jpg\" alt=\"\" width=\"320\" height=\"457\" srcset=\"https:\/\/www.associationdemarie.org\/blog\/wp-content\/uploads\/2021\/07\/saint-jean-baptiste.jpg 320w, https:\/\/www.associationdemarie.org\/blog\/wp-content\/uploads\/2021\/07\/saint-jean-baptiste-210x300.jpg 210w\" sizes=\"auto, (max-width: 320px) 100vw, 320px\" \/><\/p>\n<p>Ce qui a fait la grandeur de Jean, ce qui l&rsquo;a rendu si grand entre les grands, c&rsquo;est qu&rsquo;il a mis le comble \u00e0 ses vertus (&#8230;) en y ajoutant la plus grande de toutes, l&rsquo;humilit\u00e9. Alors qu&rsquo;on le consid\u00e9rait comme le plus \u00e9lev\u00e9 de tous, il a mis au-dessus de lui, spontan\u00e9ment et avec l&#8217;empressement de l&rsquo;amour, Celui qui est le plus humble de tous, et m\u00eame tellement au-dessus de lui qu&rsquo;il se d\u00e9clare indigne de lui enlever ses sandales (Mt 3,11).<\/p>\n<p>Que d&rsquo;autres donc s&rsquo;\u00e9merveillent de ce que Jean ait \u00e9t\u00e9 pr\u00e9dit par les proph\u00e8tes, annonc\u00e9 par un ange (&#8230;), n\u00e9 de parents si saints et si nobles, quoique \u00e2g\u00e9s et st\u00e9riles (&#8230;), qu&rsquo;il ait pr\u00e9par\u00e9 la voie du R\u00e9dempteur dans le d\u00e9sert, qu&rsquo;il ait ramen\u00e9 les c\u0153urs des p\u00e8res vers les fils et ceux des fils vers les p\u00e8res (Lc 1,17), qu&rsquo;il ait \u00e9t\u00e9 jug\u00e9 digne de baptiser le Fils, d&rsquo;entendre le P\u00e8re, de voir le Saint Esprit (Lc 3,22), qu&rsquo;enfin, il ait combattu jusqu&rsquo;\u00e0 la mort pour la v\u00e9rit\u00e9 et que, pour \u00eatre pr\u00e9curseur du Christ jusque dans le s\u00e9jour des morts, il ait \u00e9t\u00e9 martyr du Christ avant sa Passion. Que d&rsquo;autres s&rsquo;\u00e9merveillent de tout cela (&#8230;)<\/p>\n<p>Quant \u00e0 nous, mes fr\u00e8res, c&rsquo;est son humilit\u00e9 qui nous est propos\u00e9e comme objet non seulement d&rsquo;admiration, mais aussi d&rsquo;imitation. Elle l&rsquo;a incit\u00e9 \u00e0 ne pas vouloir passer pour grand, alors qu&rsquo;il le pouvait. (&#8230;) En effet, ce fid\u00e8le \u00ab ami de l&rsquo;\u00c9poux \u00bb (Jn 3,29), qui aimait son Seigneur plus que lui-m\u00eame, souhaitait \u00ab diminuer \u00bb pour que \u00ab lui il grandisse \u00bb (v. 30). Il s&rsquo;effor\u00e7ait d&rsquo;augmenter la gloire du Christ en se faisant lui-m\u00eame plus petit, exprimant par toute sa conduite ce que dirait l&rsquo;ap\u00f4tre Paul : \u00ab Ce n&rsquo;est pas nous-m\u00eames que nous pr\u00eachons, mais le Seigneur J\u00e9sus Christ \u00bb (2Co 4,5).<\/p>\n<h3 class=\"GospelCommentaryAuthor-name commentary-author font-2\">Bienheureux Guerric d&rsquo;Igny (v. 1080-1157)<\/h3>\n<p>&nbsp;<\/p>\n<p>&nbsp;<\/p>\n","protected":false},"excerpt":{"rendered":"<p>Ce qui a fait la grandeur de Jean, ce qui l&rsquo;a rendu si grand entre les grands, c&rsquo;est qu&rsquo;il a mis le comble \u00e0 ses vertus (&#8230;) en y ajoutant la plus grande de toutes, l&rsquo;humilit\u00e9. Alors qu&rsquo;on le consid\u00e9rait comme le plus \u00e9lev\u00e9 de tous, il a mis au-dessus de lui, spontan\u00e9ment et avec [&hellip;]<\/p>\n","protected":false},"author":2,"featured_media":0,"comment_status":"closed","ping_status":"closed","sticky":false,"template":"","format":"standard","meta":{"footnotes":""},"categories":[13,28],"tags":[155,487,1042],"class_list":["post-20528","post","type-post","status-publish","format-standard","hentry","category-ecritures","category-saints-et-saintes","tag-bienheureux-guerric-digny","tag-humilite","tag-st-jean-baptiste"],"_links":{"self":[{"href":"https:\/\/www.associationdemarie.org\/blog\/wp-json\/wp\/v2\/posts\/20528","targetHints":{"allow":["GET"]}}],"collection":[{"href":"https:\/\/www.associationdemarie.org\/blog\/wp-json\/wp\/v2\/posts"}],"about":[{"href":"https:\/\/www.associationdemarie.org\/blog\/wp-json\/wp\/v2\/types\/post"}],"author":[{"embeddable":true,"href":"https:\/\/www.associationdemarie.org\/blog\/wp-json\/wp\/v2\/users\/2"}],"replies":[{"embeddable":true,"href":"https:\/\/www.associationdemarie.org\/blog\/wp-json\/wp\/v2\/comments?post=20528"}],"version-history":[{"count":1,"href":"https:\/\/www.associationdemarie.org\/blog\/wp-json\/wp\/v2\/posts\/20528\/revisions"}],"predecessor-version":[{"id":20530,"href":"https:\/\/www.associationdemarie.org\/blog\/wp-json\/wp\/v2\/posts\/20528\/revisions\/20530"}],"wp:attachment":[{"href":"https:\/\/www.associationdemarie.org\/blog\/wp-json\/wp\/v2\/media?parent=20528"}],"wp:term":[{"taxonomy":"category","embeddable":true,"href":"https:\/\/www.associationdemarie.org\/blog\/wp-json\/wp\/v2\/categories?post=20528"},{"taxonomy":"post_tag","embeddable":true,"href":"https:\/\/www.associationdemarie.org\/blog\/wp-json\/wp\/v2\/tags?post=20528"}],"curies":[{"name":"wp","href":"https:\/\/api.w.org\/{rel}","templated":true}]}}