{"id":20514,"date":"2021-07-29T01:36:04","date_gmt":"2021-07-29T00:36:04","guid":{"rendered":"http:\/\/www.associationdemarie.org\/blog\/?p=20514"},"modified":"2021-07-08T08:40:34","modified_gmt":"2021-07-08T07:40:34","slug":"jesus-aimait-marthe-et-sa-soeur-ainsi-que-lazare-jn-115-2","status":"publish","type":"post","link":"https:\/\/www.associationdemarie.org\/blog\/jesus-aimait-marthe-et-sa-soeur-ainsi-que-lazare-jn-115-2\/","title":{"rendered":"\u00ab J\u00e9sus aimait Marthe et sa s\u0153ur, ainsi que Lazare. \u00bb (Jn 11,5)"},"content":{"rendered":"<p><img loading=\"lazy\" decoding=\"async\" class=\"aligncenter size-full wp-image-20515\" src=\"https:\/\/www.associationdemarie.org\/blog\/wp-content\/uploads\/2021\/07\/marie-marthe-lazarre-avec-jesus-1.jpg\" alt=\"\" width=\"431\" height=\"550\" srcset=\"https:\/\/www.associationdemarie.org\/blog\/wp-content\/uploads\/2021\/07\/marie-marthe-lazarre-avec-jesus-1.jpg 431w, https:\/\/www.associationdemarie.org\/blog\/wp-content\/uploads\/2021\/07\/marie-marthe-lazarre-avec-jesus-1-235x300.jpg 235w\" sizes=\"auto, (max-width: 431px) 100vw, 431px\" \/><\/p>\n<p>Aimez tout le monde d&rsquo;un grand amour de charit\u00e9, mais r\u00e9servez votre amiti\u00e9 profonde pour ceux qui peuvent \u00e9changer avec vous des choses bonnes. (&#8230;) Si vous \u00e9changez dans le domaine des connaissances, votre amiti\u00e9 est certes louable ; plus encore si vous communiez dans le domaine de la prudence, de la discr\u00e9tion, de la force et de la justice. Mais si votre relation est fond\u00e9e sur la charit\u00e9, la d\u00e9votion et la perfection chr\u00e9tienne, \u00f4 Dieu, que votre amiti\u00e9 sera pr\u00e9cieuse ! Elle sera excellente parce qu&rsquo;elle vient de Dieu, excellente parce qu&rsquo;elle tend \u00e0 Dieu, excellente parce que son lien, c&rsquo;est Dieu, parce qu&rsquo;elle durera \u00e9ternellement en Dieu. Qu&rsquo;il fait bon aimer sur la terre comme on aime au ciel, apprendre \u00e0 s&rsquo;aimer en ce monde comme nous le ferons \u00e9ternellement en l&rsquo;autre !<\/p>\n<p>Je ne parle pas ici de l&rsquo;amour simple de charit\u00e9, car il doit \u00eatre port\u00e9 \u00e0 tous les hommes ; mais je parle de l&rsquo;amiti\u00e9 spirituelle, par laquelle deux ou trois ou plusieurs communient dans la vie spirituelle et deviennent un seul esprit entre eux (cf Ac 4,32). C&rsquo;est vraiment \u00e0 bon droit que peuvent chanter de telles \u00e2mes heureuses : \u00ab Combien il est bon et agr\u00e9able que les fr\u00e8res habitent ensemble ! \u00bb (Ps 132,1) (&#8230;) Il me semble que toutes les autres amiti\u00e9s ne sont que l&rsquo;ombre de celle-ci. (&#8230;) Pour des chr\u00e9tiens vivant dans le monde, il leur est n\u00e9cessaire de s&rsquo;aider les uns les autres par de saintes amiti\u00e9s ; par ce moyen ils s&rsquo;encouragent, se soutiennent, se portent mutuellement vers le bien. (&#8230;) Personne ne saurait nier que notre Seigneur ait aim\u00e9 d&rsquo;une amiti\u00e9 plus douce et plus sp\u00e9ciale saint Jean, Lazare, Marthe et Madeleine, car l&rsquo;\u00c9criture le t\u00e9moigne.<\/p>\n<h3 class=\"GospelCommentaryAuthor-name commentary-author font-2\">Saint Fran\u00e7ois de Sales (1567-1622)<\/h3>\n<p>&nbsp;<\/p>\n<p>&nbsp;<\/p>\n<p>&nbsp;<\/p>\n","protected":false},"excerpt":{"rendered":"<p>Aimez tout le monde d&rsquo;un grand amour de charit\u00e9, mais r\u00e9servez votre amiti\u00e9 profonde pour ceux qui peuvent \u00e9changer avec vous des choses bonnes. (&#8230;) Si vous \u00e9changez dans le domaine des connaissances, votre amiti\u00e9 est certes louable ; plus encore si vous communiez dans le domaine de la prudence, de la discr\u00e9tion, de la [&hellip;]<\/p>\n","protected":false},"author":2,"featured_media":0,"comment_status":"closed","ping_status":"closed","sticky":false,"template":"","format":"standard","meta":{"footnotes":""},"categories":[28],"tags":[1592,574,1516,1101,1103],"class_list":["post-20514","post","type-post","status-publish","format-standard","hentry","category-saints-et-saintes","tag-amitie","tag-lazare","tag-st-francois-de-sales","tag-ste-marie-madeleine","tag-ste-marthe"],"_links":{"self":[{"href":"https:\/\/www.associationdemarie.org\/blog\/wp-json\/wp\/v2\/posts\/20514","targetHints":{"allow":["GET"]}}],"collection":[{"href":"https:\/\/www.associationdemarie.org\/blog\/wp-json\/wp\/v2\/posts"}],"about":[{"href":"https:\/\/www.associationdemarie.org\/blog\/wp-json\/wp\/v2\/types\/post"}],"author":[{"embeddable":true,"href":"https:\/\/www.associationdemarie.org\/blog\/wp-json\/wp\/v2\/users\/2"}],"replies":[{"embeddable":true,"href":"https:\/\/www.associationdemarie.org\/blog\/wp-json\/wp\/v2\/comments?post=20514"}],"version-history":[{"count":1,"href":"https:\/\/www.associationdemarie.org\/blog\/wp-json\/wp\/v2\/posts\/20514\/revisions"}],"predecessor-version":[{"id":20516,"href":"https:\/\/www.associationdemarie.org\/blog\/wp-json\/wp\/v2\/posts\/20514\/revisions\/20516"}],"wp:attachment":[{"href":"https:\/\/www.associationdemarie.org\/blog\/wp-json\/wp\/v2\/media?parent=20514"}],"wp:term":[{"taxonomy":"category","embeddable":true,"href":"https:\/\/www.associationdemarie.org\/blog\/wp-json\/wp\/v2\/categories?post=20514"},{"taxonomy":"post_tag","embeddable":true,"href":"https:\/\/www.associationdemarie.org\/blog\/wp-json\/wp\/v2\/tags?post=20514"}],"curies":[{"name":"wp","href":"https:\/\/api.w.org\/{rel}","templated":true}]}}