{"id":205,"date":"2009-04-15T20:24:34","date_gmt":"2009-04-15T20:24:34","guid":{"rendered":"http:\/\/preprod.meltem-int.com\/marie\/blog\/?p=205"},"modified":"2009-04-15T20:24:34","modified_gmt":"2009-04-15T20:24:34","slug":"prochaines-rencontres","status":"publish","type":"post","link":"https:\/\/www.associationdemarie.org\/blog\/prochaines-rencontres\/","title":{"rendered":"Prochaines rencontres"},"content":{"rendered":"<p><img loading=\"lazy\" decoding=\"async\" class=\"alignright size-medium wp-image-204\" title=\"tulipe\" src=\"https:\/\/www.associationdemarie.org\/blog\/wp-content\/uploads\/2009\/05\/tulipe-173x300.jpg\" alt=\"tulipe\" width=\"173\" height=\"300\" srcset=\"https:\/\/www.associationdemarie.org\/blog\/wp-content\/uploads\/2009\/05\/tulipe-173x300.jpg 173w, https:\/\/www.associationdemarie.org\/blog\/wp-content\/uploads\/2009\/05\/tulipe.jpg 463w\" sizes=\"auto, (max-width: 173px) 100vw, 173px\" \/>Notre prochaine rencontre, avec les personnes et groupes du secteur de Perpignan<br \/>\nse d\u00e9roulera le samedi 25 avril \u00e0 C\u00e9ret (66400), entre 9h et 12h,<br \/>\nchez Sylvie Deit, 34 rue des \u00e9vad\u00e9s.<br \/>\nRendez-vous \u00e0 l\u2019\u00e9glise de C\u00e9ret, pour la messe de 9h. Merci de nous signaler si vous souhaitez rester manger au 06 13 06 47 22.<br \/>\nUne rencontre avec les personnes et groupes du secteur Aveyron se d\u00e9roulera \u00e0 Montlaur (12400),<br \/>\nsalle \u00ab le foyer Magalie \u00bb, place de l\u2019Eglise, le samedi 2 mai entre 9h et 12h.<\/p>\n<p>Vous \u00eates un groupe qui priez Marie, vous vous rassemblez r\u00e9guli\u00e8rement,<br \/>\nvous avez \u00e9t\u00e9 touch\u00e9s par les messages ou une pens\u00e9e en particulier,<br \/>\nvous d\u00e9sirez en savoir plus sur notre association, sur ses actions,<br \/>\nou aimeriez simplement que nous venions vous rencontrer :<br \/>\nFaites-vous conna\u00eetre et une de nos \u00e9quipes pourra sans doute se d\u00e9placer dans votre r\u00e9gion.<br \/>\n<strong>Notre prochain rassemblement dominical aura lieu le dimanche 17 mai, au Mas Dieu.<\/strong><\/p>\n","protected":false},"excerpt":{"rendered":"<p>Notre prochaine rencontre, avec les personnes et groupes du secteur de Perpignan se d\u00e9roulera le samedi 25 avril \u00e0 C\u00e9ret (66400), entre 9h et 12h, chez Sylvie Deit, 34 rue des \u00e9vad\u00e9s. Rendez-vous \u00e0 l\u2019\u00e9glise de C\u00e9ret, pour la messe de 9h. Merci de nous signaler si vous souhaitez rester manger au 06 13 06 [&hellip;]<\/p>\n","protected":false},"author":2,"featured_media":0,"comment_status":"closed","ping_status":"closed","sticky":false,"template":"","format":"standard","meta":{"footnotes":""},"categories":[2,14],"tags":[129],"class_list":["post-205","post","type-post","status-publish","format-standard","hentry","category-actualites","category-groupe-prieres","tag-aveyron"],"_links":{"self":[{"href":"https:\/\/www.associationdemarie.org\/blog\/wp-json\/wp\/v2\/posts\/205","targetHints":{"allow":["GET"]}}],"collection":[{"href":"https:\/\/www.associationdemarie.org\/blog\/wp-json\/wp\/v2\/posts"}],"about":[{"href":"https:\/\/www.associationdemarie.org\/blog\/wp-json\/wp\/v2\/types\/post"}],"author":[{"embeddable":true,"href":"https:\/\/www.associationdemarie.org\/blog\/wp-json\/wp\/v2\/users\/2"}],"replies":[{"embeddable":true,"href":"https:\/\/www.associationdemarie.org\/blog\/wp-json\/wp\/v2\/comments?post=205"}],"version-history":[{"count":0,"href":"https:\/\/www.associationdemarie.org\/blog\/wp-json\/wp\/v2\/posts\/205\/revisions"}],"wp:attachment":[{"href":"https:\/\/www.associationdemarie.org\/blog\/wp-json\/wp\/v2\/media?parent=205"}],"wp:term":[{"taxonomy":"category","embeddable":true,"href":"https:\/\/www.associationdemarie.org\/blog\/wp-json\/wp\/v2\/categories?post=205"},{"taxonomy":"post_tag","embeddable":true,"href":"https:\/\/www.associationdemarie.org\/blog\/wp-json\/wp\/v2\/tags?post=205"}],"curies":[{"name":"wp","href":"https:\/\/api.w.org\/{rel}","templated":true}]}}