{"id":20490,"date":"2021-07-23T01:15:04","date_gmt":"2021-07-23T00:15:04","guid":{"rendered":"http:\/\/www.associationdemarie.org\/blog\/?p=20490"},"modified":"2021-07-02T07:17:21","modified_gmt":"2021-07-02T06:17:21","slug":"sainte-brigitte-et-leglise-domestique","status":"publish","type":"post","link":"https:\/\/www.associationdemarie.org\/blog\/sainte-brigitte-et-leglise-domestique\/","title":{"rendered":"Sainte Brigitte et l&rsquo;\u00c9glise domestique"},"content":{"rendered":"<p><img loading=\"lazy\" decoding=\"async\" class=\"aligncenter  wp-image-20491\" src=\"https:\/\/www.associationdemarie.org\/blog\/wp-content\/uploads\/2021\/07\/brigitte-2.png\" alt=\"\" width=\"456\" height=\"343\" srcset=\"https:\/\/www.associationdemarie.org\/blog\/wp-content\/uploads\/2021\/07\/brigitte-2.png 985w, https:\/\/www.associationdemarie.org\/blog\/wp-content\/uploads\/2021\/07\/brigitte-2-300x226.png 300w, https:\/\/www.associationdemarie.org\/blog\/wp-content\/uploads\/2021\/07\/brigitte-2-768x578.png 768w\" sizes=\"auto, (max-width: 456px) 100vw, 456px\" \/><\/p>\n<p>La premi\u00e8re p\u00e9riode dans la vie de cette sainte est caract\u00e9ris\u00e9e par son mariage heureux. Son mari s&rsquo;appelait Ulf et \u00e9tait gouverneur d&rsquo;un important territoire du royaume de Su\u00e8de. Le mariage dura vingt-huit ans, jusqu&rsquo;\u00e0 la mort d&rsquo;Ulf. Huit enfants sont issus de ce mariage, dont la deuxi\u00e8me, Karin (Catherine) est v\u00e9n\u00e9r\u00e9e comme sainte. Cela est un signe \u00e9loquent de l&rsquo;engagement \u00e9ducatif de Brigitte \u00e0 l&rsquo;\u00e9gard de ses enfants. (&#8230;)<\/p>\n<p>Brigitte, qui a re\u00e7u une direction spirituelle d&rsquo;un religieux \u00e9rudit qui l&rsquo;a introduite \u00e0 l&rsquo;\u00e9tude des \u00c9critures, a exerc\u00e9 une influence tr\u00e8s positive sur sa famille qui, gr\u00e2ce \u00e0 sa pr\u00e9sence, est devenue une v\u00e9ritable \u00ab \u00c9glise domestique \u00bb. Avec son mari, elle a adopt\u00e9 la R\u00e8gle des Tertiaires franciscains. Elle pratiquait avec g\u00e9n\u00e9rosit\u00e9 des \u0153uvres de charit\u00e9 envers les pauvres: elle a fond\u00e9 \u00e9galement un h\u00f4pital. Aupr\u00e8s de son \u00e9pouse, Ulf a appris \u00e0 am\u00e9liorer son caract\u00e8re et \u00e0 progresser dans la vie chr\u00e9tienne. Au retour d&rsquo;un long p\u00e8lerinage \u00e0 Saint-Jacques de Compostelle (&#8230;), les \u00e9poux ont form\u00e9 le projet de vivre dans l&rsquo;abstinence ; mais peu de temps apr\u00e8s, dans la paix d&rsquo;un monast\u00e8re dans lequel il s&rsquo;\u00e9tait retir\u00e9, Ulf a conclu sa vie terrestre.<\/p>\n<p>Cette premi\u00e8re p\u00e9riode de la vie de Brigitte nous aide \u00e0 appr\u00e9cier ce que nous pourrions d\u00e9finir aujourd&rsquo;hui comme une authentique \u00ab spiritualit\u00e9 conjugale \u00bb : ensemble, les \u00e9poux chr\u00e9tiens peuvent parcourir un chemin de saintet\u00e9, soutenus par la gr\u00e2ce du sacrement du mariage. Souvent, comme cela a \u00e9t\u00e9 le cas dans la vie de sainte Brigitte et d&rsquo;Ulf, c&rsquo;est la femme qui, avec sa sensibilit\u00e9 religieuse, sa d\u00e9licatesse et sa douceur, r\u00e9ussit \u00e0 faire parcourir \u00e0 son mari un chemin de foi. Je pense avec reconnaissance \u00e0 de nombreuses femmes qui, jour apr\u00e8s jour, illuminent aujourd&rsquo;hui encore leur famille par leur t\u00e9moignage de vie chr\u00e9tienne. Puisse l&rsquo;Esprit du Seigneur susciter aujourd&rsquo;hui \u00e9galement la saintet\u00e9 des \u00e9poux chr\u00e9tiens, pour montrer au monde la beaut\u00e9 du mariage v\u00e9cu selon les valeurs de l&rsquo;\u00c9vangile : l&rsquo;amour, la tendresse, l&rsquo;aide r\u00e9ciproque, la f\u00e9condit\u00e9 dans l&rsquo;engendrement et l&rsquo;\u00e9ducation des enfants, l&rsquo;ouverture et la solidarit\u00e9 envers le monde, la participation \u00e0 la vie de l&rsquo;\u00c9glise.<\/p>\n<h3 class=\"GospelCommentaryAuthor-name commentary-author font-2\">Beno\u00eet XVI<\/h3>\n<p>&nbsp;<\/p>\n<p>&nbsp;<\/p>\n","protected":false},"excerpt":{"rendered":"<p>La premi\u00e8re p\u00e9riode dans la vie de cette sainte est caract\u00e9ris\u00e9e par son mariage heureux. Son mari s&rsquo;appelait Ulf et \u00e9tait gouverneur d&rsquo;un important territoire du royaume de Su\u00e8de. Le mariage dura vingt-huit ans, jusqu&rsquo;\u00e0 la mort d&rsquo;Ulf. Huit enfants sont issus de ce mariage, dont la deuxi\u00e8me, Karin (Catherine) est v\u00e9n\u00e9r\u00e9e comme sainte. Cela [&hellip;]<\/p>\n","protected":false},"author":2,"featured_media":0,"comment_status":"closed","ping_status":"closed","sticky":false,"template":"","format":"standard","meta":{"footnotes":""},"categories":[28],"tags":[142,635,1088],"class_list":["post-20490","post","type-post","status-publish","format-standard","hentry","category-saints-et-saintes","tag-benoit-16","tag-mariage","tag-ste-brigitte"],"_links":{"self":[{"href":"https:\/\/www.associationdemarie.org\/blog\/wp-json\/wp\/v2\/posts\/20490","targetHints":{"allow":["GET"]}}],"collection":[{"href":"https:\/\/www.associationdemarie.org\/blog\/wp-json\/wp\/v2\/posts"}],"about":[{"href":"https:\/\/www.associationdemarie.org\/blog\/wp-json\/wp\/v2\/types\/post"}],"author":[{"embeddable":true,"href":"https:\/\/www.associationdemarie.org\/blog\/wp-json\/wp\/v2\/users\/2"}],"replies":[{"embeddable":true,"href":"https:\/\/www.associationdemarie.org\/blog\/wp-json\/wp\/v2\/comments?post=20490"}],"version-history":[{"count":2,"href":"https:\/\/www.associationdemarie.org\/blog\/wp-json\/wp\/v2\/posts\/20490\/revisions"}],"predecessor-version":[{"id":20493,"href":"https:\/\/www.associationdemarie.org\/blog\/wp-json\/wp\/v2\/posts\/20490\/revisions\/20493"}],"wp:attachment":[{"href":"https:\/\/www.associationdemarie.org\/blog\/wp-json\/wp\/v2\/media?parent=20490"}],"wp:term":[{"taxonomy":"category","embeddable":true,"href":"https:\/\/www.associationdemarie.org\/blog\/wp-json\/wp\/v2\/categories?post=20490"},{"taxonomy":"post_tag","embeddable":true,"href":"https:\/\/www.associationdemarie.org\/blog\/wp-json\/wp\/v2\/tags?post=20490"}],"curies":[{"name":"wp","href":"https:\/\/api.w.org\/{rel}","templated":true}]}}