{"id":20487,"date":"2021-07-22T02:59:10","date_gmt":"2021-07-22T01:59:10","guid":{"rendered":"http:\/\/www.associationdemarie.org\/blog\/?p=20487"},"modified":"2021-06-30T21:01:39","modified_gmt":"2021-06-30T20:01:39","slug":"fete-de-sainte-marie-madeleine-disciple-du-seigneur-3","status":"publish","type":"post","link":"https:\/\/www.associationdemarie.org\/blog\/fete-de-sainte-marie-madeleine-disciple-du-seigneur-3\/","title":{"rendered":"F\u00eate de sainte Marie-Madeleine, disciple du Seigneur"},"content":{"rendered":"<p><img loading=\"lazy\" decoding=\"async\" class=\"aligncenter  wp-image-20488\" src=\"https:\/\/www.associationdemarie.org\/blog\/wp-content\/uploads\/2021\/06\/images-1.jpeg\" alt=\"\" width=\"453\" height=\"219\" srcset=\"https:\/\/www.associationdemarie.org\/blog\/wp-content\/uploads\/2021\/06\/images-1.jpeg 323w, https:\/\/www.associationdemarie.org\/blog\/wp-content\/uploads\/2021\/06\/images-1-300x145.jpeg 300w\" sizes=\"auto, (max-width: 453px) 100vw, 453px\" \/><\/p>\n<p>Seul le sens de l&rsquo;ou\u00efe peut atteindre la v\u00e9rit\u00e9, parce lui seul entend la parole. (&#8230;) \u00ab Ne me touche pas \u00bb, dit le Seigneur, c&rsquo;est-\u00e0-dire perds l&rsquo;habitude de te fier \u00e0 tes sens trompeurs, appuie-toi sur mes paroles, accoutume-toi \u00e0 la foi. La foi ne peut pas se tromper, elle comprend les choses invisibles et ne souffre pas de l&rsquo;indigence des sens. Elle d\u00e9passe m\u00eame les limites de la raison humaine, les usages de la nature, les bornes de l&rsquo;exp\u00e9rience. Pourquoi veux-tu apprendre de tes yeux ce qu&rsquo;ils ne peuvent pas savoir ? Et pourquoi ta main s&rsquo;efforce-t-elle \u00e0 sonder ce qu&rsquo;elle n&rsquo;atteindra jamais ? Ce que l&rsquo;une et l&rsquo;autre font conna\u00eetre de moi est bien peu de chose. C&rsquo;est \u00e0 la foi de se prononcer sur moi sans diminuer ma majest\u00e9 ; apprends \u00e0 croire avec plus de certitude et \u00e0 suivre avec plus de confiance ce qu&rsquo;elle te dit.<\/p>\n<p>\u00ab Ne me touche pas, car je ne suis pas encore mont\u00e9 vers le P\u00e8re. \u00bb Comme s&rsquo;il devrait ou pourrait se laisser toucher lorsqu&rsquo;il sera mont\u00e9 : oui, sans doute, il pourra \u00eatre touch\u00e9, mais seulement par le c\u0153ur, non par les mains, par le d\u00e9sir, non par les yeux, par la foi, non par les sens. \u00ab Pourquoi, dit-il, cherches-tu \u00e0 me toucher maintenant (&#8230;) ? Ne te souviens-tu pas que lorsque j&rsquo;\u00e9tais encore mortel, les yeux de mes disciples n&rsquo;ont pas pu soutenir la gloire de mon corps transfigur\u00e9, alors qu&rsquo;il devait encore mourir ? Je te fais encore cette faveur de te montrer ma condition de serviteur (Ph 2,7), mais ma gloire m&rsquo;\u00e9loigne de toi d\u00e9sormais. (&#8230;) Suspends donc ton jugement (&#8230;), r\u00e9serve \u00e0 la foi l&rsquo;\u00e9claircissement d&rsquo;un si grand myst\u00e8re. (&#8230;) Pour \u00eatre digne de me toucher, il faut que tu me contemples assis \u00e0 la droite de mon P\u00e8re (Mc 16,19; Ps 109,1), non plus dans ma condition d&rsquo;abaissement mais dans mon \u00e9tat glorifi\u00e9. C&rsquo;est encore le m\u00eame corps, mais sous un autre aspect. Pourquoi veux-tu me toucher dans ma laideur ? Attends de pouvoir le faire dans ma beaut\u00e9. \u00bb<\/p>\n<h3 class=\"GospelCommentaryAuthor-name commentary-author font-2\">Saint Bernard (1091-1153)<\/h3>\n<p>&nbsp;<\/p>\n<p>&nbsp;<\/p>\n","protected":false},"excerpt":{"rendered":"<p>Seul le sens de l&rsquo;ou\u00efe peut atteindre la v\u00e9rit\u00e9, parce lui seul entend la parole. (&#8230;) \u00ab Ne me touche pas \u00bb, dit le Seigneur, c&rsquo;est-\u00e0-dire perds l&rsquo;habitude de te fier \u00e0 tes sens trompeurs, appuie-toi sur mes paroles, accoutume-toi \u00e0 la foi. La foi ne peut pas se tromper, elle comprend les choses invisibles [&hellip;]<\/p>\n","protected":false},"author":2,"featured_media":0,"comment_status":"closed","ping_status":"closed","sticky":false,"template":"","format":"standard","meta":{"footnotes":""},"categories":[28],"tags":[425,1017,1101],"class_list":["post-20487","post","type-post","status-publish","format-standard","hentry","category-saints-et-saintes","tag-foi","tag-st-bernard","tag-ste-marie-madeleine"],"_links":{"self":[{"href":"https:\/\/www.associationdemarie.org\/blog\/wp-json\/wp\/v2\/posts\/20487","targetHints":{"allow":["GET"]}}],"collection":[{"href":"https:\/\/www.associationdemarie.org\/blog\/wp-json\/wp\/v2\/posts"}],"about":[{"href":"https:\/\/www.associationdemarie.org\/blog\/wp-json\/wp\/v2\/types\/post"}],"author":[{"embeddable":true,"href":"https:\/\/www.associationdemarie.org\/blog\/wp-json\/wp\/v2\/users\/2"}],"replies":[{"embeddable":true,"href":"https:\/\/www.associationdemarie.org\/blog\/wp-json\/wp\/v2\/comments?post=20487"}],"version-history":[{"count":1,"href":"https:\/\/www.associationdemarie.org\/blog\/wp-json\/wp\/v2\/posts\/20487\/revisions"}],"predecessor-version":[{"id":20489,"href":"https:\/\/www.associationdemarie.org\/blog\/wp-json\/wp\/v2\/posts\/20487\/revisions\/20489"}],"wp:attachment":[{"href":"https:\/\/www.associationdemarie.org\/blog\/wp-json\/wp\/v2\/media?parent=20487"}],"wp:term":[{"taxonomy":"category","embeddable":true,"href":"https:\/\/www.associationdemarie.org\/blog\/wp-json\/wp\/v2\/categories?post=20487"},{"taxonomy":"post_tag","embeddable":true,"href":"https:\/\/www.associationdemarie.org\/blog\/wp-json\/wp\/v2\/tags?post=20487"}],"curies":[{"name":"wp","href":"https:\/\/api.w.org\/{rel}","templated":true}]}}