{"id":20464,"date":"2021-07-16T01:58:05","date_gmt":"2021-07-16T00:58:05","guid":{"rendered":"http:\/\/www.associationdemarie.org\/blog\/?p=20464"},"modified":"2021-06-25T08:00:38","modified_gmt":"2021-06-25T07:00:38","slug":"observer-le-sabbat","status":"publish","type":"post","link":"https:\/\/www.associationdemarie.org\/blog\/observer-le-sabbat\/","title":{"rendered":"Observer le sabbat"},"content":{"rendered":"<p><img loading=\"lazy\" decoding=\"async\" class=\"aligncenter  wp-image-20465\" src=\"https:\/\/www.associationdemarie.org\/blog\/wp-content\/uploads\/2021\/06\/Le-Seigneur-J\u00e9sus-doit-il-observer-le-sabbat-.jpg\" alt=\"\" width=\"464\" height=\"261\" srcset=\"https:\/\/www.associationdemarie.org\/blog\/wp-content\/uploads\/2021\/06\/Le-Seigneur-J\u00e9sus-doit-il-observer-le-sabbat-.jpg 640w, https:\/\/www.associationdemarie.org\/blog\/wp-content\/uploads\/2021\/06\/Le-Seigneur-J\u00e9sus-doit-il-observer-le-sabbat--300x169.jpg 300w\" sizes=\"auto, (max-width: 464px) 100vw, 464px\" \/><\/p>\n<p>Dans un premier temps, il nous faut transpirer en faisant de bonnes \u0153uvres, pour nous reposer ensuite dans la paix de notre conscience. (&#8230;) C&rsquo;est la c\u00e9l\u00e9bration joyeuse d&rsquo;un premier sabbat o\u00f9 l&rsquo;on se repose des \u0153uvres serviles du monde (&#8230;) et o\u00f9 l&rsquo;on ne transporte plus les fardeaux des passions.<\/p>\n<p>Mais on peut quitter la chambre intime o\u00f9 on a c\u00e9l\u00e9br\u00e9 ce premier sabbat et on peut rejoindre l&rsquo;auberge de son c\u0153ur, l\u00e0 o\u00f9 on a coutume de \u00ab se r\u00e9jouir avec ceux qui sont dans la joie, de pleurer avec ceux qui pleurent \u00bb (Rm 12,15), \u00ab d&rsquo;\u00eatre faible avec ceux qui sont faibles, de br\u00fbler avec ceux qui sont scandalis\u00e9s \u00bb (2Co 11,29). L\u00e0, on sentira son \u00e2me unie \u00e0 celle de tous ses fr\u00e8res par le ciment de la charit\u00e9 ; on n&rsquo;y est plus troubl\u00e9 par les aiguillons de la jalousie, br\u00fbl\u00e9 par le feu de la col\u00e8re, bless\u00e9 par les fl\u00e8ches des soup\u00e7ons ; on est lib\u00e9r\u00e9 des morsures d\u00e9vorantes de la tristesse. Si on attire tous les hommes dans le giron pacifi\u00e9 de son esprit, o\u00f9 tous sont \u00e9treints, r\u00e9chauff\u00e9s par une douce affection et o\u00f9 l&rsquo;on n&rsquo;est plus avec eux \u00ab qu&rsquo;un c\u0153ur et qu&rsquo;une \u00e2me \u00bb (Ac 4,32), alors, en savourant cette merveilleuse douceur, le tumulte des convoitises fait aussit\u00f4t silence, le vacarme des passions s&rsquo;apaise, et \u00e0 l&rsquo;int\u00e9rieur s&rsquo;op\u00e8re un total d\u00e9tachement de toutes choses nuisibles, un repos joyeux et paisible dans la douceur de l&rsquo;amour fraternel. Dans la qui\u00e9tude de ce deuxi\u00e8me sabbat la charit\u00e9 fraternelle ne laisse plus subsister aucun vice. (&#8230;) Impr\u00e9gn\u00e9 de la douceur paisible de ce sabbat, David a \u00e9clat\u00e9 en un chant de jubilation : \u00ab Voyez comme il est bon, comme il est doux d&rsquo;habiter en fr\u00e8res tous ensemble \u00bb (Ps 132,1).<\/p>\n<h3 class=\"GospelCommentaryAuthor-name commentary-author font-2\">Saint Aelred de Rievaulx (1110-1167)<\/h3>\n<p>&nbsp;<\/p>\n<p>&nbsp;<\/p>\n","protected":false},"excerpt":{"rendered":"<p>Dans un premier temps, il nous faut transpirer en faisant de bonnes \u0153uvres, pour nous reposer ensuite dans la paix de notre conscience. (&#8230;) C&rsquo;est la c\u00e9l\u00e9bration joyeuse d&rsquo;un premier sabbat o\u00f9 l&rsquo;on se repose des \u0153uvres serviles du monde (&#8230;) et o\u00f9 l&rsquo;on ne transporte plus les fardeaux des passions. Mais on peut quitter [&hellip;]<\/p>\n","protected":false},"author":2,"featured_media":0,"comment_status":"closed","ping_status":"closed","sticky":false,"template":"","format":"standard","meta":{"footnotes":""},"categories":[13,1261],"tags":[911,1005],"class_list":["post-20464","post","type-post","status-publish","format-standard","hentry","category-ecritures","category-enseignement-2","tag-sabbat","tag-st-aelred"],"_links":{"self":[{"href":"https:\/\/www.associationdemarie.org\/blog\/wp-json\/wp\/v2\/posts\/20464","targetHints":{"allow":["GET"]}}],"collection":[{"href":"https:\/\/www.associationdemarie.org\/blog\/wp-json\/wp\/v2\/posts"}],"about":[{"href":"https:\/\/www.associationdemarie.org\/blog\/wp-json\/wp\/v2\/types\/post"}],"author":[{"embeddable":true,"href":"https:\/\/www.associationdemarie.org\/blog\/wp-json\/wp\/v2\/users\/2"}],"replies":[{"embeddable":true,"href":"https:\/\/www.associationdemarie.org\/blog\/wp-json\/wp\/v2\/comments?post=20464"}],"version-history":[{"count":1,"href":"https:\/\/www.associationdemarie.org\/blog\/wp-json\/wp\/v2\/posts\/20464\/revisions"}],"predecessor-version":[{"id":20466,"href":"https:\/\/www.associationdemarie.org\/blog\/wp-json\/wp\/v2\/posts\/20464\/revisions\/20466"}],"wp:attachment":[{"href":"https:\/\/www.associationdemarie.org\/blog\/wp-json\/wp\/v2\/media?parent=20464"}],"wp:term":[{"taxonomy":"category","embeddable":true,"href":"https:\/\/www.associationdemarie.org\/blog\/wp-json\/wp\/v2\/categories?post=20464"},{"taxonomy":"post_tag","embeddable":true,"href":"https:\/\/www.associationdemarie.org\/blog\/wp-json\/wp\/v2\/tags?post=20464"}],"curies":[{"name":"wp","href":"https:\/\/api.w.org\/{rel}","templated":true}]}}