{"id":2046,"date":"2010-12-31T01:29:44","date_gmt":"2010-12-31T01:29:44","guid":{"rendered":"http:\/\/preprod.meltem-int.com\/marie\/blog\/?p=2046"},"modified":"2010-12-31T01:29:44","modified_gmt":"2010-12-31T01:29:44","slug":"intentions-de-prieres-de-benoit-16-janvier-2011","status":"publish","type":"post","link":"https:\/\/www.associationdemarie.org\/blog\/intentions-de-prieres-de-benoit-16-janvier-2011\/","title":{"rendered":"Intentions de pri\u00e8res de Beno\u00eet 16 &#8211; janvier 2011"},"content":{"rendered":"<p><a href=\"https:\/\/www.associationdemarie.org\/blog\/wp-content\/uploads\/2010\/12\/actu-monde-Benoit-XVI-Vatican.jpg\"><img loading=\"lazy\" decoding=\"async\" class=\"aligncenter size-medium wp-image-2047\" title=\"POPE\" src=\"https:\/\/www.associationdemarie.org\/blog\/wp-content\/uploads\/2010\/12\/actu-monde-Benoit-XVI-Vatican-300x162.jpg\" alt=\"\" width=\"300\" height=\"162\" srcset=\"https:\/\/www.associationdemarie.org\/blog\/wp-content\/uploads\/2010\/12\/actu-monde-Benoit-XVI-Vatican-300x162.jpg 300w, https:\/\/www.associationdemarie.org\/blog\/wp-content\/uploads\/2010\/12\/actu-monde-Benoit-XVI-Vatican.jpg 1000w\" sizes=\"auto, (max-width: 300px) 100vw, 300px\" \/><\/a><\/p>\n<p><strong>G\u00e9n\u00e9rale &#8211; Prendre soin de la Cr\u00e9ation.<br \/>\n<\/strong>Pour que les richesses de la cr\u00e9ation soient pr\u00e9serv\u00e9es, valoris\u00e9es et rendues disponibles pour tous,\u00a0comme don pr\u00e9cieux de Dieu aux hommes.<\/p>\n<p><strong>Missionnaire &#8211; L&rsquo;unit\u00e9 des chr\u00e9tiens.<br \/>\n<\/strong>Pour que les chr\u00e9tiens puissent parvenir \u00e0 la pleine unit\u00e9, en t\u00e9moignant \u00e0 tout le genre humain la\u00a0paternit\u00e9 universelle de Dieu.<\/p>\n<p><span style=\"color: #ffffff;\">.<\/span><\/p>\n","protected":false},"excerpt":{"rendered":"<p>G\u00e9n\u00e9rale &#8211; Prendre soin de la Cr\u00e9ation. Pour que les richesses de la cr\u00e9ation soient pr\u00e9serv\u00e9es, valoris\u00e9es et rendues disponibles pour tous,\u00a0comme don pr\u00e9cieux de Dieu aux hommes. Missionnaire &#8211; L&rsquo;unit\u00e9 des chr\u00e9tiens. Pour que les chr\u00e9tiens puissent parvenir \u00e0 la pleine unit\u00e9, en t\u00e9moignant \u00e0 tout le genre humain la\u00a0paternit\u00e9 universelle de Dieu. .<\/p>\n","protected":false},"author":2,"featured_media":0,"comment_status":"closed","ping_status":"closed","sticky":false,"template":"","format":"standard","meta":{"footnotes":""},"categories":[2,3,14],"tags":[142,269,504,686,1168],"class_list":["post-2046","post","type-post","status-publish","format-standard","hentry","category-actualites","category-liturgique","category-groupe-prieres","tag-benoit-16","tag-creation","tag-intentions-de-priere","tag-monde","tag-unite"],"_links":{"self":[{"href":"https:\/\/www.associationdemarie.org\/blog\/wp-json\/wp\/v2\/posts\/2046","targetHints":{"allow":["GET"]}}],"collection":[{"href":"https:\/\/www.associationdemarie.org\/blog\/wp-json\/wp\/v2\/posts"}],"about":[{"href":"https:\/\/www.associationdemarie.org\/blog\/wp-json\/wp\/v2\/types\/post"}],"author":[{"embeddable":true,"href":"https:\/\/www.associationdemarie.org\/blog\/wp-json\/wp\/v2\/users\/2"}],"replies":[{"embeddable":true,"href":"https:\/\/www.associationdemarie.org\/blog\/wp-json\/wp\/v2\/comments?post=2046"}],"version-history":[{"count":0,"href":"https:\/\/www.associationdemarie.org\/blog\/wp-json\/wp\/v2\/posts\/2046\/revisions"}],"wp:attachment":[{"href":"https:\/\/www.associationdemarie.org\/blog\/wp-json\/wp\/v2\/media?parent=2046"}],"wp:term":[{"taxonomy":"category","embeddable":true,"href":"https:\/\/www.associationdemarie.org\/blog\/wp-json\/wp\/v2\/categories?post=2046"},{"taxonomy":"post_tag","embeddable":true,"href":"https:\/\/www.associationdemarie.org\/blog\/wp-json\/wp\/v2\/tags?post=2046"}],"curies":[{"name":"wp","href":"https:\/\/api.w.org\/{rel}","templated":true}]}}