{"id":20437,"date":"2021-07-08T01:36:07","date_gmt":"2021-07-08T00:36:07","guid":{"rendered":"http:\/\/www.associationdemarie.org\/blog\/?p=20437"},"modified":"2021-06-17T06:38:03","modified_gmt":"2021-06-17T05:38:03","slug":"que-votre-paix-vienne-sur-elle","status":"publish","type":"post","link":"https:\/\/www.associationdemarie.org\/blog\/que-votre-paix-vienne-sur-elle\/","title":{"rendered":"\u00ab Que votre paix vienne sur elle. \u00bb"},"content":{"rendered":"<p><img loading=\"lazy\" decoding=\"async\" class=\"aligncenter  wp-image-20438\" src=\"https:\/\/www.associationdemarie.org\/blog\/wp-content\/uploads\/2021\/06\/litt-jeunesse-974x457.png\" alt=\"\" width=\"479\" height=\"225\" srcset=\"https:\/\/www.associationdemarie.org\/blog\/wp-content\/uploads\/2021\/06\/litt-jeunesse-974x457.png 974w, https:\/\/www.associationdemarie.org\/blog\/wp-content\/uploads\/2021\/06\/litt-jeunesse-974x457-300x141.png 300w, https:\/\/www.associationdemarie.org\/blog\/wp-content\/uploads\/2021\/06\/litt-jeunesse-974x457-768x360.png 768w\" sizes=\"auto, (max-width: 479px) 100vw, 479px\" \/><\/p>\n<p>Cette journ\u00e9e \u00e0 Assise nous a aid\u00e9s \u00e0 devenir plus conscients de nos engagements religieux. Mais elle a aussi donn\u00e9 au monde, qui nous regarde par les m\u00e9dias, une plus grande conscience de la responsabilit\u00e9 de chaque religion en ce qui concerne les probl\u00e8mes de la guerre et de la paix. Plus peut-\u00eatre que jamais auparavant dans l&rsquo;histoire, le lien intrins\u00e8que qui unit une attitude religieuse authentique et le grand bien de la paix est devenu \u00e9vident pour tous. Quel poids terrible \u00e0 porter pour des \u00e9paules humaines ! Mais, en m\u00eame temps, quelle vocation merveilleuse et exaltante \u00e0 suivre ! Bien que la pri\u00e8re soit en elle-m\u00eame une action, cela ne nous dispense pas de travailler pour la paix. Ici, nous agissons comme les h\u00e9rauts de la conscience morale de l&rsquo;humanit\u00e9 en tant que telle, de l&rsquo;humanit\u00e9 qui d\u00e9sire la paix, qui a besoin de la paix.<\/p>\n<p>Il n&rsquo;y a pas de paix sans un amour passionn\u00e9 de la paix. Il n&rsquo;y a pas de paix sans une volont\u00e9 farouche de r\u00e9aliser la paix. La paix attend ses proph\u00e8tes. Ensemble, nous avons rempli nos yeux de visions de paix : elles lib\u00e8rent des \u00e9nergies pour un nouveau langage de paix, pour de nouveaux gestes de paix, des gestes qui brisent l&rsquo;encha\u00eenement fatal des divisions h\u00e9rit\u00e9es de l&rsquo;histoire ou engendr\u00e9es par les id\u00e9ologies modernes. La paix attend ses b\u00e2tisseurs. Tendons la main \u00e0 nos fr\u00e8res et \u00e0 nos s\u0153urs pour les encourager \u00e0 b\u00e2tir la paix sur les quatre piliers que sont la v\u00e9rit\u00e9, la justice, l&rsquo;amour et la libert\u00e9. La paix est un chantier ouvert \u00e0 tous et pas seulement aux sp\u00e9cialistes, savants et strat\u00e8ges. La paix est une responsabilit\u00e9 universelle : elle passe par mille petits actes de la vie quotidienne. Par leur mani\u00e8re journali\u00e8re de vivre avec les autres, les hommes font leur choix pour ou contre la paix&#8230;<\/p>\n<p>Ce que nous avons fait aujourd&rsquo;hui \u00e0 Assise, en priant et en t\u00e9moignant de notre engagement pour la paix, nous devons continuer \u00e0 le faire chaque jour de notre vie. Car ce que nous avons fait aujourd&rsquo;hui est vital pour le monde. Si le monde doit continuer, et si les hommes et les femmes doivent y survivre, le monde ne peut pas se passer de la pri\u00e8re.<\/p>\n<h3 class=\"GospelCommentaryAuthor-name commentary-author font-2\">Saint Jean-Paul II (1920-2005)<\/h3>\n<p>&nbsp;<\/p>\n<p>&nbsp;<\/p>\n","protected":false},"excerpt":{"rendered":"<p>Cette journ\u00e9e \u00e0 Assise nous a aid\u00e9s \u00e0 devenir plus conscients de nos engagements religieux. Mais elle a aussi donn\u00e9 au monde, qui nous regarde par les m\u00e9dias, une plus grande conscience de la responsabilit\u00e9 de chaque religion en ce qui concerne les probl\u00e8mes de la guerre et de la paix. Plus peut-\u00eatre que jamais [&hellip;]<\/p>\n","protected":false},"author":2,"featured_media":0,"comment_status":"closed","ping_status":"closed","sticky":false,"template":"","format":"standard","meta":{"footnotes":""},"categories":[13,1261],"tags":[65,757,1253],"class_list":["post-20437","post","type-post","status-publish","format-standard","hentry","category-ecritures","category-enseignement-2","tag-amour-et-paix","tag-paix","tag-st-jean-paul-2"],"_links":{"self":[{"href":"https:\/\/www.associationdemarie.org\/blog\/wp-json\/wp\/v2\/posts\/20437","targetHints":{"allow":["GET"]}}],"collection":[{"href":"https:\/\/www.associationdemarie.org\/blog\/wp-json\/wp\/v2\/posts"}],"about":[{"href":"https:\/\/www.associationdemarie.org\/blog\/wp-json\/wp\/v2\/types\/post"}],"author":[{"embeddable":true,"href":"https:\/\/www.associationdemarie.org\/blog\/wp-json\/wp\/v2\/users\/2"}],"replies":[{"embeddable":true,"href":"https:\/\/www.associationdemarie.org\/blog\/wp-json\/wp\/v2\/comments?post=20437"}],"version-history":[{"count":2,"href":"https:\/\/www.associationdemarie.org\/blog\/wp-json\/wp\/v2\/posts\/20437\/revisions"}],"predecessor-version":[{"id":20440,"href":"https:\/\/www.associationdemarie.org\/blog\/wp-json\/wp\/v2\/posts\/20437\/revisions\/20440"}],"wp:attachment":[{"href":"https:\/\/www.associationdemarie.org\/blog\/wp-json\/wp\/v2\/media?parent=20437"}],"wp:term":[{"taxonomy":"category","embeddable":true,"href":"https:\/\/www.associationdemarie.org\/blog\/wp-json\/wp\/v2\/categories?post=20437"},{"taxonomy":"post_tag","embeddable":true,"href":"https:\/\/www.associationdemarie.org\/blog\/wp-json\/wp\/v2\/tags?post=20437"}],"curies":[{"name":"wp","href":"https:\/\/api.w.org\/{rel}","templated":true}]}}