{"id":20339,"date":"2021-06-12T01:27:10","date_gmt":"2021-06-12T00:27:10","guid":{"rendered":"http:\/\/www.associationdemarie.org\/blog\/?p=20339"},"modified":"2021-05-22T07:29:42","modified_gmt":"2021-05-22T06:29:42","slug":"coeur-immaculee-de-marie-3","status":"publish","type":"post","link":"https:\/\/www.associationdemarie.org\/blog\/coeur-immaculee-de-marie-3\/","title":{"rendered":"C\u0153ur Immacul\u00e9e de Marie"},"content":{"rendered":"<p><img loading=\"lazy\" decoding=\"async\" class=\"aligncenter  wp-image-20340\" src=\"https:\/\/www.associationdemarie.org\/blog\/wp-content\/uploads\/2021\/05\/coeur-sacre-jesus-coeur-immaculc3a9-marie-e1586277891405.jpg\" alt=\"\" width=\"448\" height=\"413\" srcset=\"https:\/\/www.associationdemarie.org\/blog\/wp-content\/uploads\/2021\/05\/coeur-sacre-jesus-coeur-immaculc3a9-marie-e1586277891405.jpg 481w, https:\/\/www.associationdemarie.org\/blog\/wp-content\/uploads\/2021\/05\/coeur-sacre-jesus-coeur-immaculc3a9-marie-e1586277891405-300x276.jpg 300w\" sizes=\"auto, (max-width: 448px) 100vw, 448px\" \/><\/p>\n<p>Souvent, \u00e0 notre sentiment, oubliant de manger et de boire, Marie veillait pour penser au Christ, pour voir le Christ dans sa chair, elle qui br\u00fblait d&rsquo;amour pour lui, qui aimait passionn\u00e9ment le servir. Souvent, elle faisait ce que chante le Cantique des Cantiques : \u00ab Je dors, mais mon c\u0153ur veille \u00bb (Ct 5,2). Elle continuait, au cours m\u00eame de son repos, de r\u00eaver \u00e0 celui qui remplissait ses pens\u00e9es durant tout le jour. Qu&rsquo;elle veille ou qu&rsquo;elle repose dans la paix, elle vivait toujours en lui, occup\u00e9e de lui.<\/p>\n<p>O\u00f9 \u00e9tait son tr\u00e9sor, l\u00e0 aussi \u00e9tait son c\u0153ur (Mt 6,21) ; o\u00f9 \u00e9tait sa gloire, l\u00e0 aussi \u00e9tait son esprit. Son Seigneur et son Fils, elle l&rsquo;aimait de tout son c\u0153ur, de tout son esprit, de toutes ses forces (Mt 22,37). Elle voyait de ses yeux, touchait de ses mains le Verbe de Vie (1Jn 1,1). Heureuse Marie \u00e0 qui il a \u00e9t\u00e9 donn\u00e9 d&#8217;embrasser celui qui embrasse et nourrit toutes choses ! Heureuse celle qui a port\u00e9 celui qui porte l&rsquo;univers (He 1,3), celle qui a allait\u00e9 un Fils qui la fait vivre, un Fils qui la nourrit, elle et tous les \u00eatres du monde (Ps 144,15).<\/p>\n<p>\u00c0 son cou s&rsquo;est suspendu celui qui est la Sagesse du P\u00e8re, sur ses bras s&rsquo;est assis celui qui est la Force qui met tout en mouvement. Il s&rsquo;est repos\u00e9 sur son sein maternel, celui qui est le repos des \u00e2mes (Mt 11,29). Avec quelle douceur il la tenait de ses mains, la regardait tranquillement, lui que les anges d\u00e9sirent contempler (1P 1,12), et l&rsquo;appelait doucement, lui que tout \u00eatre invoque dans le besoin. Remplie de l&rsquo;Esprit Saint, elle le serrait sur son c\u0153ur (&#8230;) ; elle ne se rassasiait pas de le voir ni de l&rsquo;entendre, \u00ab lui que tant de rois et de proph\u00e8tes ont d\u00e9sir\u00e9 voir et n&rsquo;ont pas vu \u00bb (Lc 10,24). Marie grandissait ainsi de plus en plus dans l&rsquo;amour, et son esprit s&rsquo;attachait sans tr\u00eave \u00e0 la contemplation divine.<\/p>\n<h3 class=\"GospelCommentaryAuthor-name commentary-author font-2\">Saint Am\u00e9d\u00e9e de Lausanne (1108-1159)<\/h3>\n<p>&nbsp;<\/p>\n<p>&nbsp;<\/p>\n<p>&nbsp;<\/p>\n","protected":false},"excerpt":{"rendered":"<p>Souvent, \u00e0 notre sentiment, oubliant de manger et de boire, Marie veillait pour penser au Christ, pour voir le Christ dans sa chair, elle qui br\u00fblait d&rsquo;amour pour lui, qui aimait passionn\u00e9ment le servir. Souvent, elle faisait ce que chante le Cantique des Cantiques : \u00ab Je dors, mais mon c\u0153ur veille \u00bb (Ct 5,2). [&hellip;]<\/p>\n","protected":false},"author":2,"featured_media":0,"comment_status":"closed","ping_status":"closed","sticky":false,"template":"","format":"standard","meta":{"footnotes":""},"categories":[3,28],"tags":[915,1539],"class_list":["post-20339","post","type-post","status-publish","format-standard","hentry","category-liturgique","category-saints-et-saintes","tag-sacre-coeur-de-marie","tag-st-amedee-de-lausanne"],"_links":{"self":[{"href":"https:\/\/www.associationdemarie.org\/blog\/wp-json\/wp\/v2\/posts\/20339","targetHints":{"allow":["GET"]}}],"collection":[{"href":"https:\/\/www.associationdemarie.org\/blog\/wp-json\/wp\/v2\/posts"}],"about":[{"href":"https:\/\/www.associationdemarie.org\/blog\/wp-json\/wp\/v2\/types\/post"}],"author":[{"embeddable":true,"href":"https:\/\/www.associationdemarie.org\/blog\/wp-json\/wp\/v2\/users\/2"}],"replies":[{"embeddable":true,"href":"https:\/\/www.associationdemarie.org\/blog\/wp-json\/wp\/v2\/comments?post=20339"}],"version-history":[{"count":2,"href":"https:\/\/www.associationdemarie.org\/blog\/wp-json\/wp\/v2\/posts\/20339\/revisions"}],"predecessor-version":[{"id":20342,"href":"https:\/\/www.associationdemarie.org\/blog\/wp-json\/wp\/v2\/posts\/20339\/revisions\/20342"}],"wp:attachment":[{"href":"https:\/\/www.associationdemarie.org\/blog\/wp-json\/wp\/v2\/media?parent=20339"}],"wp:term":[{"taxonomy":"category","embeddable":true,"href":"https:\/\/www.associationdemarie.org\/blog\/wp-json\/wp\/v2\/categories?post=20339"},{"taxonomy":"post_tag","embeddable":true,"href":"https:\/\/www.associationdemarie.org\/blog\/wp-json\/wp\/v2\/tags?post=20339"}],"curies":[{"name":"wp","href":"https:\/\/api.w.org\/{rel}","templated":true}]}}