{"id":20317,"date":"2021-06-06T01:20:18","date_gmt":"2021-06-06T00:20:18","guid":{"rendered":"http:\/\/www.associationdemarie.org\/blog\/?p=20317"},"modified":"2021-05-15T17:22:46","modified_gmt":"2021-05-15T16:22:46","slug":"saint-sacrement-du-corps-et-du-sang-du-christ-solennite-6","status":"publish","type":"post","link":"https:\/\/www.associationdemarie.org\/blog\/saint-sacrement-du-corps-et-du-sang-du-christ-solennite-6\/","title":{"rendered":"Saint Sacrement du Corps et du Sang du Christ, solennit\u00e9"},"content":{"rendered":"<p><img loading=\"lazy\" decoding=\"async\" class=\"aligncenter  wp-image-20318\" src=\"https:\/\/www.associationdemarie.org\/blog\/wp-content\/uploads\/2021\/05\/StSacrement.png\" alt=\"\" width=\"447\" height=\"419\" \/><\/p>\n<p>Lorsque tu dois t&rsquo;approcher de la table du c\u00e9leste banquet, \u00ab examine-toi toi-m\u00eame \u00bb, selon le conseil de l&rsquo;Ap\u00f4tre (1 Co 11, 28). Examine soigneusement avec quelle foi tu t&rsquo;approches. (&#8230;) Vois d&rsquo;abord quelle foi tu dois avoir \u00e0 la v\u00e9rit\u00e9 et \u00e0 la nature de ce Sacrement de l&rsquo;Eucharistie. Tu dois croire avec fermet\u00e9 et sans aucun doute ce qu&rsquo;enseigne et proclame la foi catholique : au moment o\u00f9 sont prononc\u00e9es les paroles du Christ, le pain mat\u00e9riel et visible rend en quelque sorte hommage au Cr\u00e9ateur et fait place, sous l&rsquo;apparence visible des accidents, au Pain vivant qui descend du ciel pour le minist\u00e8re et le service sacramentel. Le pain mat\u00e9riel cesse d&rsquo;exister et, au m\u00eame instant, sous ses accidents, existent vraiment plusieurs choses d&rsquo;une mani\u00e8re prodigieuse et ineffable.<\/p>\n<p>D&rsquo;abord la chair tr\u00e8s pure et le corps sacr\u00e9 du Christ, qui furent engendr\u00e9s par l&rsquo;op\u00e9ration du Saint-Esprit dans le sein de la glorieuse Vierge Marie, suspendus \u00e0 la croix, d\u00e9pos\u00e9s dans le s\u00e9pulcre et glorifi\u00e9s au ciel. Puisque la chair ne vit pas priv\u00e9e du sang, ce sang pr\u00e9cieux, qui a coul\u00e9 sur la croix heureusement pour le salut du monde, est l\u00e0 aussi n\u00e9cessairement pr\u00e9sent. Et comme il n&rsquo;y a point d&rsquo;homme v\u00e9ritable sans une \u00e2me raisonnable, l&rsquo;\u00e2me glorieuse de J\u00e9sus-Christ, qui d\u00e9passe en gr\u00e2ce et en gloire toute vertu, toute gloire et toute puissance, en qui \u00ab reposent tous les tr\u00e9sors de la sagesse divine \u00bb (Col 2, 3), est elle-m\u00eame pr\u00e9sente. Enfin puisque le Christ est vrai homme et vrai Dieu, Dieu est l\u00e0 dans la gloire de sa majest\u00e9.<\/p>\n<p>Ensemble et distingu\u00e9es l&rsquo;une de l&rsquo;autre, ces quatre r\u00e9alit\u00e9s se trouvent enti\u00e8res et parfaitement contenues sous les esp\u00e8ces du pain et du vin ; aussi bien dans le calice que dans l&rsquo;hostie et non moins dans l&rsquo;un que dans l&rsquo;autre, si bien que rien ne manque en l&rsquo;un qui doive \u00eatre suppl\u00e9\u00e9 dans l&rsquo;autre, et que tout se trouve en chacun des deux par un myst\u00e8re \u00ab dont nous aurions beaucoup de choses \u00e0 dire \u00bb (cf. He 5, 11). Mais il suffit de croire que chacune des esp\u00e8ces contient le vrai Dieu et Homme, entour\u00e9 du concours des Anges et de la pr\u00e9sence des Saints.<\/p>\n<h3 class=\"GospelCommentaryAuthor-name commentary-author font-2\">Saint Bonaventure (1221-1274)<\/h3>\n<p>&nbsp;<\/p>\n<p>&nbsp;<\/p>\n<p>&nbsp;<\/p>\n","protected":false},"excerpt":{"rendered":"<p>Lorsque tu dois t&rsquo;approcher de la table du c\u00e9leste banquet, \u00ab examine-toi toi-m\u00eame \u00bb, selon le conseil de l&rsquo;Ap\u00f4tre (1 Co 11, 28). Examine soigneusement avec quelle foi tu t&rsquo;approches. (&#8230;) Vois d&rsquo;abord quelle foi tu dois avoir \u00e0 la v\u00e9rit\u00e9 et \u00e0 la nature de ce Sacrement de l&rsquo;Eucharistie. Tu dois croire avec fermet\u00e9 [&hellip;]<\/p>\n","protected":false},"author":2,"featured_media":0,"comment_status":"closed","ping_status":"closed","sticky":false,"template":"","format":"standard","meta":{"footnotes":""},"categories":[3],"tags":[677,1239,1078],"class_list":["post-20317","post","type-post","status-publish","format-standard","hentry","category-liturgique","tag-miracle-eucharistique","tag-st-bonaventure","tag-st-sacrement"],"_links":{"self":[{"href":"https:\/\/www.associationdemarie.org\/blog\/wp-json\/wp\/v2\/posts\/20317","targetHints":{"allow":["GET"]}}],"collection":[{"href":"https:\/\/www.associationdemarie.org\/blog\/wp-json\/wp\/v2\/posts"}],"about":[{"href":"https:\/\/www.associationdemarie.org\/blog\/wp-json\/wp\/v2\/types\/post"}],"author":[{"embeddable":true,"href":"https:\/\/www.associationdemarie.org\/blog\/wp-json\/wp\/v2\/users\/2"}],"replies":[{"embeddable":true,"href":"https:\/\/www.associationdemarie.org\/blog\/wp-json\/wp\/v2\/comments?post=20317"}],"version-history":[{"count":2,"href":"https:\/\/www.associationdemarie.org\/blog\/wp-json\/wp\/v2\/posts\/20317\/revisions"}],"predecessor-version":[{"id":20320,"href":"https:\/\/www.associationdemarie.org\/blog\/wp-json\/wp\/v2\/posts\/20317\/revisions\/20320"}],"wp:attachment":[{"href":"https:\/\/www.associationdemarie.org\/blog\/wp-json\/wp\/v2\/media?parent=20317"}],"wp:term":[{"taxonomy":"category","embeddable":true,"href":"https:\/\/www.associationdemarie.org\/blog\/wp-json\/wp\/v2\/categories?post=20317"},{"taxonomy":"post_tag","embeddable":true,"href":"https:\/\/www.associationdemarie.org\/blog\/wp-json\/wp\/v2\/tags?post=20317"}],"curies":[{"name":"wp","href":"https:\/\/api.w.org\/{rel}","templated":true}]}}