{"id":20299,"date":"2021-06-02T01:23:07","date_gmt":"2021-06-02T00:23:07","guid":{"rendered":"http:\/\/www.associationdemarie.org\/blog\/?p=20299"},"modified":"2021-05-11T08:26:07","modified_gmt":"2021-05-11T07:26:07","slug":"il-nest-pas-le-dieu-des-morts-mais-des-vivants-4","status":"publish","type":"post","link":"https:\/\/www.associationdemarie.org\/blog\/il-nest-pas-le-dieu-des-morts-mais-des-vivants-4\/","title":{"rendered":"\u00ab Il n&rsquo;est pas le Dieu des morts, mais des vivants. \u00bb"},"content":{"rendered":"<p><img loading=\"lazy\" decoding=\"async\" class=\"aligncenter wp-image-20300\" src=\"https:\/\/www.associationdemarie.org\/blog\/wp-content\/uploads\/2021\/05\/resurrection.gif\" alt=\"\" width=\"410\" height=\"354\" \/><\/p>\n<p>\u00ab Le Christ a connu la mort, puis la vie, pour devenir le Seigneur et des morts et des vivants \u00bb (Rm 14,9) ; \u00ab Dieu n&rsquo;est pas le Dieu des morts, il est le Dieu des vivants \u00bb. Puisque le Seigneur des morts est vivant, les morts ne sont plus des morts mais des vivants ; la vie r\u00e8gne en eux, pour qu&rsquo;ils vivent et ne craignent plus la mort, de m\u00eame que \u00ab le Christ, ressuscit\u00e9 des morts, ne meurt plus \u00bb (Rm 6,9). Ressuscit\u00e9s et lib\u00e9r\u00e9s de la corruption, ils ne verront plus la mort ; ils participeront \u00e0 la r\u00e9surrection du Christ, comme lui-m\u00eame a eu part \u00e0 leur mort. En effet, s&rsquo;il est venu sur terre, jusqu&rsquo;alors prison \u00e9ternelle, c&rsquo;est pour \u00ab briser les portes de bronze et fracasser les verrous de fer \u00bb (Is 45,2), pour tirer notre vie de la corruption en l&rsquo;attirant \u00e0 lui, et nous donner la libert\u00e9 \u00e0 la place de l&rsquo;esclavage.<\/p>\n<p>Si ce plan de salut n&rsquo;est pas encore pleinement r\u00e9alis\u00e9, car les hommes meurent toujours et leurs corps sont d\u00e9sagr\u00e9g\u00e9s par la mort, cela ne doit pas \u00eatre un motif d&rsquo;incroyance. D\u00e9j\u00e0 nous avons re\u00e7u les premiers fruits de ce qui nous est promis, en la personne de celui qui est notre premier-n\u00e9 (&#8230;) : \u00ab Avec lui, il nous a ressuscit\u00e9s ; avec lui, il nous a fait r\u00e9gner aux cieux, dans le Christ J\u00e9sus \u00bb (Ep 2,6). Nous atteindrons \u00e0 la pleine r\u00e9alisation de cette promesse lorsque viendra le temps fix\u00e9 par le P\u00e8re, lorsque nous d\u00e9pouillerons l&rsquo;enfance et serons parvenus \u00ab \u00e0 l&rsquo;\u00e9tat d&rsquo;homme parfait \u00bb (Ep 4,13). Car le P\u00e8re \u00e9ternel a voulu que le don qu&rsquo;il nous a fait demeure ferme. (&#8230;) L&rsquo;ap\u00f4tre Paul l&rsquo;a d\u00e9clar\u00e9, car il le savait bien, cela arrivera \u00e0 tout le genre humain, par le Christ, qui \u00ab transformera nos pauvres corps \u00e0 l&rsquo;image de son corps glorieux \u00bb (Ph 3,21). (&#8230;) Le corps glorieux du Christ n&rsquo;est pas diff\u00e9rent du corps \u00ab sem\u00e9 dans la faiblesse, sans valeur \u00bb (1Co 15,43) ; c&rsquo;est le m\u00eame corps chang\u00e9 en gloire. Et ce que le Christ a r\u00e9alis\u00e9 en amenant au P\u00e8re sa propre humanit\u00e9, premier exemplaire de notre nature, il le fera pour toute l&rsquo;humanit\u00e9 selon sa promesse : \u00ab Quand j&rsquo;aurai \u00e9t\u00e9 \u00e9lev\u00e9 de terre, j&rsquo;attirerai \u00e0 moi tous les hommes \u00bb (Jn 12,32).<\/p>\n<h3 class=\"GospelCommentaryAuthor-name commentary-author font-2\">Saint Anastase d&rsquo;Antioche (?-599)<\/h3>\n","protected":false},"excerpt":{"rendered":"<p>\u00ab Le Christ a connu la mort, puis la vie, pour devenir le Seigneur et des morts et des vivants \u00bb (Rm 14,9) ; \u00ab Dieu n&rsquo;est pas le Dieu des morts, il est le Dieu des vivants \u00bb. Puisque le Seigneur des morts est vivant, les morts ne sont plus des morts mais des [&hellip;]<\/p>\n","protected":false},"author":2,"featured_media":0,"comment_status":"closed","ping_status":"closed","sticky":false,"template":"","format":"standard","meta":{"footnotes":""},"categories":[13,1261],"tags":[892,1586],"class_list":["post-20299","post","type-post","status-publish","format-standard","hentry","category-ecritures","category-enseignement-2","tag-resurrection","tag-st-anastase-dantioche"],"_links":{"self":[{"href":"https:\/\/www.associationdemarie.org\/blog\/wp-json\/wp\/v2\/posts\/20299","targetHints":{"allow":["GET"]}}],"collection":[{"href":"https:\/\/www.associationdemarie.org\/blog\/wp-json\/wp\/v2\/posts"}],"about":[{"href":"https:\/\/www.associationdemarie.org\/blog\/wp-json\/wp\/v2\/types\/post"}],"author":[{"embeddable":true,"href":"https:\/\/www.associationdemarie.org\/blog\/wp-json\/wp\/v2\/users\/2"}],"replies":[{"embeddable":true,"href":"https:\/\/www.associationdemarie.org\/blog\/wp-json\/wp\/v2\/comments?post=20299"}],"version-history":[{"count":2,"href":"https:\/\/www.associationdemarie.org\/blog\/wp-json\/wp\/v2\/posts\/20299\/revisions"}],"predecessor-version":[{"id":20302,"href":"https:\/\/www.associationdemarie.org\/blog\/wp-json\/wp\/v2\/posts\/20299\/revisions\/20302"}],"wp:attachment":[{"href":"https:\/\/www.associationdemarie.org\/blog\/wp-json\/wp\/v2\/media?parent=20299"}],"wp:term":[{"taxonomy":"category","embeddable":true,"href":"https:\/\/www.associationdemarie.org\/blog\/wp-json\/wp\/v2\/categories?post=20299"},{"taxonomy":"post_tag","embeddable":true,"href":"https:\/\/www.associationdemarie.org\/blog\/wp-json\/wp\/v2\/tags?post=20299"}],"curies":[{"name":"wp","href":"https:\/\/api.w.org\/{rel}","templated":true}]}}