{"id":20240,"date":"2021-05-20T01:43:51","date_gmt":"2021-05-20T00:43:51","guid":{"rendered":"http:\/\/www.associationdemarie.org\/blog\/?p=20240"},"modified":"2021-04-29T07:46:02","modified_gmt":"2021-04-29T06:46:02","slug":"la-porte-est-ouverte","status":"publish","type":"post","link":"https:\/\/www.associationdemarie.org\/blog\/la-porte-est-ouverte\/","title":{"rendered":"La porte est ouverte !"},"content":{"rendered":"<p><img loading=\"lazy\" decoding=\"async\" class=\"aligncenter  wp-image-20241\" src=\"https:\/\/www.associationdemarie.org\/blog\/wp-content\/uploads\/2021\/04\/ob_a95937_porte-ouverte.jpg\" alt=\"\" width=\"501\" height=\"293\" srcset=\"https:\/\/www.associationdemarie.org\/blog\/wp-content\/uploads\/2021\/04\/ob_a95937_porte-ouverte.jpg 540w, https:\/\/www.associationdemarie.org\/blog\/wp-content\/uploads\/2021\/04\/ob_a95937_porte-ouverte-300x176.jpg 300w\" sizes=\"auto, (max-width: 501px) 100vw, 501px\" \/><\/p>\n<p>Apr\u00e8s avoir tout accompli et rev\u00eatu pour nous une nature humaine, Christ notre Dieu, J\u00e9sus, l\u2019absolument parfait, est remont\u00e9 au ciel et comme prix du combat il nous a d\u00e9cern\u00e9 sa paix (cf. Col 3,15) en disant : \u00ab Je vous donne ma paix \u00bb (Jn 14,27). Cela ne concerne pas seulement les ap\u00f4tres ; en effet, notre Dieu lui-m\u00eame, qui donne la vie a dit : \u00ab Ce n\u2019est pas seulement pour ceux-ci, P\u00e8re, que je te prie, mais aussi pour ceux qui, gr\u00e2ce \u00e0 leur parole, croiront en moi, afin que tous soient un comme nous sommes un \u00bb (Jn 17,20-22).<\/p>\n<p>L\u00e0-dessus, mes tr\u00e8s honor\u00e9s fr\u00e8res, il est juste de s\u2019\u00e9crier comme l\u2019ap\u00f4tre : \u00ab Qui nous s\u00e9parera de l\u2019amour de Dieu ? Les tribulations, l\u2019angoisse, la pers\u00e9cution, la faim, le glaive ou le danger ? \u00bb (Rm 8,35) (\u2026). Exultez et soyez remplis de joie en voyant l\u2019amour de Dieu pour l\u2019homme ! Sous nos yeux, il y a la vie, en face de nous, la joie, \u00e0 nos pieds, la f\u00e9licit\u00e9 ! La porte est ouverte ! Courez, prenez ! (cf. Ph 3,13) Pour cela, qui manquera d\u2019\u00e9nergie ? Qui ne se h\u00e2tera, l\u2019un essayant encore et toujours plus de devancer l\u2019autre, stimul\u00e9 par la pens\u00e9e que ce ne sont pas des tr\u00e9sors corruptibles et terrestres qui s\u2019offrent \u00e0 lui, mais des tr\u00e9sors \u00e9ternels et immortels ? (\u2026)<\/p>\n<p>Que le Seigneur Dieu vous donne (\u2026) de vous \u00e9tablir tous dans le bien, de l\u2019emporter dans la course, d\u2019\u00eatre admis dans le stade et de ceindre les couronnes de la victoire. Puissions-nous obtenir tous les biens qui s\u2019y attachent, par la gr\u00e2ce et la bont\u00e9 de notre Seigneur J\u00e9sus Christ. \u00c0 lui appartiennent, ainsi qu\u2019au P\u00e8re et au Saint-Esprit, gloire, puissance, honneur et adoration, maintenant et toujours et pour les si\u00e8cles des si\u00e8cles. Amen.<\/p>\n<h3 class=\"GospelCommentaryAuthor-name commentary-author font-2\">Saint Th\u00e9odore le Studite (759-826)<\/h3>\n<p>&nbsp;<\/p>\n<p>&nbsp;<\/p>\n","protected":false},"excerpt":{"rendered":"<p>Apr\u00e8s avoir tout accompli et rev\u00eatu pour nous une nature humaine, Christ notre Dieu, J\u00e9sus, l\u2019absolument parfait, est remont\u00e9 au ciel et comme prix du combat il nous a d\u00e9cern\u00e9 sa paix (cf. Col 3,15) en disant : \u00ab Je vous donne ma paix \u00bb (Jn 14,27). Cela ne concerne pas seulement les ap\u00f4tres ; [&hellip;]<\/p>\n","protected":false},"author":2,"featured_media":0,"comment_status":"closed","ping_status":"closed","sticky":false,"template":"","format":"standard","meta":{"footnotes":""},"categories":[13,1261],"tags":[63,1430],"class_list":["post-20240","post","type-post","status-publish","format-standard","hentry","category-ecritures","category-enseignement-2","tag-amour-de-dieu","tag-st-theodore-le-studite"],"_links":{"self":[{"href":"https:\/\/www.associationdemarie.org\/blog\/wp-json\/wp\/v2\/posts\/20240","targetHints":{"allow":["GET"]}}],"collection":[{"href":"https:\/\/www.associationdemarie.org\/blog\/wp-json\/wp\/v2\/posts"}],"about":[{"href":"https:\/\/www.associationdemarie.org\/blog\/wp-json\/wp\/v2\/types\/post"}],"author":[{"embeddable":true,"href":"https:\/\/www.associationdemarie.org\/blog\/wp-json\/wp\/v2\/users\/2"}],"replies":[{"embeddable":true,"href":"https:\/\/www.associationdemarie.org\/blog\/wp-json\/wp\/v2\/comments?post=20240"}],"version-history":[{"count":1,"href":"https:\/\/www.associationdemarie.org\/blog\/wp-json\/wp\/v2\/posts\/20240\/revisions"}],"predecessor-version":[{"id":20242,"href":"https:\/\/www.associationdemarie.org\/blog\/wp-json\/wp\/v2\/posts\/20240\/revisions\/20242"}],"wp:attachment":[{"href":"https:\/\/www.associationdemarie.org\/blog\/wp-json\/wp\/v2\/media?parent=20240"}],"wp:term":[{"taxonomy":"category","embeddable":true,"href":"https:\/\/www.associationdemarie.org\/blog\/wp-json\/wp\/v2\/categories?post=20240"},{"taxonomy":"post_tag","embeddable":true,"href":"https:\/\/www.associationdemarie.org\/blog\/wp-json\/wp\/v2\/tags?post=20240"}],"curies":[{"name":"wp","href":"https:\/\/api.w.org\/{rel}","templated":true}]}}