{"id":20204,"date":"2021-05-15T01:14:31","date_gmt":"2021-05-15T00:14:31","guid":{"rendered":"http:\/\/www.associationdemarie.org\/blog\/?p=20204"},"modified":"2021-04-24T14:21:10","modified_gmt":"2021-04-24T13:21:10","slug":"en-ce-jour-la-vous-demanderez-en-invoquant-mon-nom","status":"publish","type":"post","link":"https:\/\/www.associationdemarie.org\/blog\/en-ce-jour-la-vous-demanderez-en-invoquant-mon-nom\/","title":{"rendered":"\u00ab En ce jour-l\u00e0, vous demanderez en invoquant mon nom. \u00bb"},"content":{"rendered":"<p><img loading=\"lazy\" decoding=\"async\" class=\"aligncenter  wp-image-20205\" src=\"https:\/\/www.associationdemarie.org\/blog\/wp-content\/uploads\/2021\/04\/1378866653_1105_1200x667x0.jpg\" alt=\"\" width=\"448\" height=\"297\" srcset=\"https:\/\/www.associationdemarie.org\/blog\/wp-content\/uploads\/2021\/04\/1378866653_1105_1200x667x0.jpg 1007w, https:\/\/www.associationdemarie.org\/blog\/wp-content\/uploads\/2021\/04\/1378866653_1105_1200x667x0-300x199.jpg 300w, https:\/\/www.associationdemarie.org\/blog\/wp-content\/uploads\/2021\/04\/1378866653_1105_1200x667x0-768x509.jpg 768w\" sizes=\"auto, (max-width: 448px) 100vw, 448px\" \/><\/p>\n<p>En conclusion de nos pri\u00e8res, nous disons : \u00ab Par J\u00e9sus Christ, ton Fils, notre Seigneur \u00bb et non \u00ab par le Saint Esprit \u00bb. Cette pratique de l&rsquo;\u00c9glise universelle n&rsquo;est pas sans raison. Elle a pour cause le myst\u00e8re selon lequel l&rsquo;homme J\u00e9sus Christ est le m\u00e9diateur entre Dieu et les hommes (1Tm 2,5), pr\u00eatre pour l&rsquo;\u00e9ternit\u00e9 selon l&rsquo;ordre de Melchis\u00e9dech, lui qui par son propre sang est entr\u00e9 dans le Saint des saints, non dans celui qui n&rsquo;\u00e9tait qu&rsquo;une copie, mais dans le ciel o\u00f9 il est \u00e0 la droite de Dieu et interc\u00e8de pour nous (He 6,20; 9,24).<\/p>\n<p>C&rsquo;est en contemplant le sacerdoce du Christ que l&rsquo;ap\u00f4tre dit : \u00ab Par lui, offrons sans cesse \u00e0 Dieu un sacrifice de louange, le fruit de nos l\u00e8vres qui c\u00e9l\u00e8brent son nom \u00bb (He 13,15). C&rsquo;est par lui que nous offrons le sacrifice de la louange et de la pri\u00e8re, parce que c&rsquo;est sa mort qui nous a r\u00e9concili\u00e9s alors que nous \u00e9tions des ennemis (Rm 5,10). Il a voulu s&rsquo;offrir en sacrifice pour nous ; c&rsquo;est d\u00e8s lors par lui que notre offrande peut \u00eatre agr\u00e9able aux yeux de Dieu. Voil\u00e0 pourquoi saint Pierre nous avertit en ces termes : \u00ab Vous aussi, soyez les pierres vivantes qui servent \u00e0 construire le Temple spirituel, et vous serez le sacerdoce saint, pr\u00e9sentant des offrandes spirituelles que Dieu pourra accepter \u00e0 cause du Christ J\u00e9sus \u00bb (1P 2,5). C&rsquo;est pour cette raison que nous disons \u00e0 Dieu le P\u00e8re : \u00ab Par J\u00e9sus Christ, ton Fils, notre Seigneur \u00bb.<\/p>\n<h3 class=\"GospelCommentaryAuthor-name commentary-author font-2\">Saint Fulgence de Ruspe (467-532)<\/h3>\n<p>&nbsp;<\/p>\n<p>&nbsp;<\/p>\n","protected":false},"excerpt":{"rendered":"<p>En conclusion de nos pri\u00e8res, nous disons : \u00ab Par J\u00e9sus Christ, ton Fils, notre Seigneur \u00bb et non \u00ab par le Saint Esprit \u00bb. Cette pratique de l&rsquo;\u00c9glise universelle n&rsquo;est pas sans raison. Elle a pour cause le myst\u00e8re selon lequel l&rsquo;homme J\u00e9sus Christ est le m\u00e9diateur entre Dieu et les hommes (1Tm 2,5), [&hellip;]<\/p>\n","protected":false},"author":2,"featured_media":0,"comment_status":"closed","ping_status":"closed","sticky":false,"template":"","format":"standard","meta":{"footnotes":""},"categories":[13,1261],"tags":[506,536,1221,1033,1071],"class_list":["post-20204","post","type-post","status-publish","format-standard","hentry","category-ecritures","category-enseignement-2","tag-intercession","tag-jesus-christ","tag-pierres-vivantes","tag-st-fulgence-de-ruspe","tag-st-pierre"],"_links":{"self":[{"href":"https:\/\/www.associationdemarie.org\/blog\/wp-json\/wp\/v2\/posts\/20204","targetHints":{"allow":["GET"]}}],"collection":[{"href":"https:\/\/www.associationdemarie.org\/blog\/wp-json\/wp\/v2\/posts"}],"about":[{"href":"https:\/\/www.associationdemarie.org\/blog\/wp-json\/wp\/v2\/types\/post"}],"author":[{"embeddable":true,"href":"https:\/\/www.associationdemarie.org\/blog\/wp-json\/wp\/v2\/users\/2"}],"replies":[{"embeddable":true,"href":"https:\/\/www.associationdemarie.org\/blog\/wp-json\/wp\/v2\/comments?post=20204"}],"version-history":[{"count":4,"href":"https:\/\/www.associationdemarie.org\/blog\/wp-json\/wp\/v2\/posts\/20204\/revisions"}],"predecessor-version":[{"id":20209,"href":"https:\/\/www.associationdemarie.org\/blog\/wp-json\/wp\/v2\/posts\/20204\/revisions\/20209"}],"wp:attachment":[{"href":"https:\/\/www.associationdemarie.org\/blog\/wp-json\/wp\/v2\/media?parent=20204"}],"wp:term":[{"taxonomy":"category","embeddable":true,"href":"https:\/\/www.associationdemarie.org\/blog\/wp-json\/wp\/v2\/categories?post=20204"},{"taxonomy":"post_tag","embeddable":true,"href":"https:\/\/www.associationdemarie.org\/blog\/wp-json\/wp\/v2\/tags?post=20204"}],"curies":[{"name":"wp","href":"https:\/\/api.w.org\/{rel}","templated":true}]}}