{"id":20201,"date":"2021-05-14T01:18:51","date_gmt":"2021-05-14T00:18:51","guid":{"rendered":"http:\/\/www.associationdemarie.org\/blog\/?p=20201"},"modified":"2021-04-23T07:21:26","modified_gmt":"2021-04-23T06:21:26","slug":"saint-matthias-apotre-une-des-douze-pierres-de-fondation-de-leglise-ap-2114","status":"publish","type":"post","link":"https:\/\/www.associationdemarie.org\/blog\/saint-matthias-apotre-une-des-douze-pierres-de-fondation-de-leglise-ap-2114\/","title":{"rendered":"Saint Matthias, ap\u00f4tre, une des douze pierres de fondation de l&rsquo;\u00c9glise (Ap 21,14)"},"content":{"rendered":"<p><img loading=\"lazy\" decoding=\"async\" class=\"aligncenter  wp-image-20202\" src=\"https:\/\/www.associationdemarie.org\/blog\/wp-content\/uploads\/2021\/04\/Didache.jpg\" alt=\"\" width=\"302\" height=\"443\" srcset=\"https:\/\/www.associationdemarie.org\/blog\/wp-content\/uploads\/2021\/04\/Didache.jpg 472w, https:\/\/www.associationdemarie.org\/blog\/wp-content\/uploads\/2021\/04\/Didache-204x300.jpg 204w\" sizes=\"auto, (max-width: 302px) 100vw, 302px\" \/><\/p>\n<p>Le Christ J\u00e9sus notre Seigneur, pendant son s\u00e9jour sur terre, d\u00e9clarait lui-m\u00eame ce qu&rsquo;il \u00e9tait, ce qu&rsquo;il avait \u00e9t\u00e9, de quelle volont\u00e9 du P\u00e8re il \u00e9tait le serviteur, quel devoir il prescrivait \u00e0 l&rsquo;homme. Il disait tout cela soit ouvertement \u00e0 la foule, soit \u00e0 part en s&rsquo;adressant \u00e0 ses disciples dont il avait choisi douze principaux pour vivre \u00e0 ses c\u00f4t\u00e9s, et qu&rsquo;il destinait \u00e0 enseigner aux nations. Apr\u00e8s la chute de l&rsquo;un d&rsquo;entre eux, il a ordonn\u00e9 aux onze autres, au moment de partir chez son P\u00e8re apr\u00e8s la r\u00e9surrection, d&rsquo;aller enseigner aux nations et de les baptiser dans le P\u00e8re, le Fils et l&rsquo;Esprit Saint (Mt 28,19).<\/p>\n<p>Aussit\u00f4t donc, les ap\u00f4tres \u2014 ce mot signifie \u00ab envoy\u00e9s \u00bb \u2014 se sont adjoints par le sort un douzi\u00e8me, Matthias, pour remplacer Judas, en s&rsquo;appuyant sur la proph\u00e9tie d&rsquo;un psaume de David. Ils ont re\u00e7u la force de l&rsquo;Esprit Saint qui leur avait \u00e9t\u00e9 promise pour accomplir des miracles et parler en langues. Ils attest\u00e8rent la foi en J\u00e9sus Christ d&rsquo;abord \u00e0 travers la Jud\u00e9e et y institu\u00e8rent des \u00c9glises. Puis ils partirent \u00e0 travers le monde et promulgu\u00e8rent pour les nations le m\u00eame enseignement de la foi.<\/p>\n<p>Puis ils fond\u00e8rent des \u00c9glises dans chaque cit\u00e9, auxquelles, par la suite, d&rsquo;autres \u00c9glises emprunt\u00e8rent la bouture de la foi et les semences de la doctrine. (&#8230;) Ce qui prouve leur unit\u00e9, c&rsquo;est qu&rsquo;elles communient dans la paix, que leurs membres s&rsquo;appellent fr\u00e8res, et qu&rsquo;elles pratiquent r\u00e9ciproquement l&rsquo;hospitalit\u00e9. Cette construction n&rsquo;a pas d&rsquo;autre fondement que la tradition unique d&rsquo;un m\u00eame myst\u00e8re. Ce que les ap\u00f4tres ont pr\u00each\u00e9, c&rsquo;est ce que le Christ leur avait r\u00e9v\u00e9l\u00e9, et cela ne doit pas \u00eatre garanti autrement que par ces m\u00eames \u00c9glises, que les ap\u00f4tres ont fond\u00e9es eux-m\u00eames, en leur pr\u00eachant de vive voix, comme on dit, et ensuite par lettres.<\/p>\n<h3 class=\"GospelCommentaryAuthor-name commentary-author font-2\">Tertullien (v. 155-v. 220)<\/h3>\n<p>&nbsp;<\/p>\n<p>&nbsp;<\/p>\n","protected":false},"excerpt":{"rendered":"<p>Le Christ J\u00e9sus notre Seigneur, pendant son s\u00e9jour sur terre, d\u00e9clarait lui-m\u00eame ce qu&rsquo;il \u00e9tait, ce qu&rsquo;il avait \u00e9t\u00e9, de quelle volont\u00e9 du P\u00e8re il \u00e9tait le serviteur, quel devoir il prescrivait \u00e0 l&rsquo;homme. Il disait tout cela soit ouvertement \u00e0 la foule, soit \u00e0 part en s&rsquo;adressant \u00e0 ses disciples dont il avait choisi [&hellip;]<\/p>\n","protected":false},"author":2,"featured_media":0,"comment_status":"closed","ping_status":"closed","sticky":false,"template":"","format":"standard","meta":{"footnotes":""},"categories":[3,28],"tags":[83,336,1058,1427],"class_list":["post-20201","post","type-post","status-publish","format-standard","hentry","category-liturgique","category-saints-et-saintes","tag-apotre","tag-eglise","tag-st-matthias","tag-tertullien"],"_links":{"self":[{"href":"https:\/\/www.associationdemarie.org\/blog\/wp-json\/wp\/v2\/posts\/20201","targetHints":{"allow":["GET"]}}],"collection":[{"href":"https:\/\/www.associationdemarie.org\/blog\/wp-json\/wp\/v2\/posts"}],"about":[{"href":"https:\/\/www.associationdemarie.org\/blog\/wp-json\/wp\/v2\/types\/post"}],"author":[{"embeddable":true,"href":"https:\/\/www.associationdemarie.org\/blog\/wp-json\/wp\/v2\/users\/2"}],"replies":[{"embeddable":true,"href":"https:\/\/www.associationdemarie.org\/blog\/wp-json\/wp\/v2\/comments?post=20201"}],"version-history":[{"count":1,"href":"https:\/\/www.associationdemarie.org\/blog\/wp-json\/wp\/v2\/posts\/20201\/revisions"}],"predecessor-version":[{"id":20203,"href":"https:\/\/www.associationdemarie.org\/blog\/wp-json\/wp\/v2\/posts\/20201\/revisions\/20203"}],"wp:attachment":[{"href":"https:\/\/www.associationdemarie.org\/blog\/wp-json\/wp\/v2\/media?parent=20201"}],"wp:term":[{"taxonomy":"category","embeddable":true,"href":"https:\/\/www.associationdemarie.org\/blog\/wp-json\/wp\/v2\/categories?post=20201"},{"taxonomy":"post_tag","embeddable":true,"href":"https:\/\/www.associationdemarie.org\/blog\/wp-json\/wp\/v2\/tags?post=20201"}],"curies":[{"name":"wp","href":"https:\/\/api.w.org\/{rel}","templated":true}]}}