{"id":20192,"date":"2021-05-13T01:07:20","date_gmt":"2021-05-13T00:07:20","guid":{"rendered":"http:\/\/www.associationdemarie.org\/blog\/?p=20192"},"modified":"2021-04-22T08:09:19","modified_gmt":"2021-04-22T07:09:19","slug":"ascension-du-seigneur-solennite-8","status":"publish","type":"post","link":"https:\/\/www.associationdemarie.org\/blog\/ascension-du-seigneur-solennite-8\/","title":{"rendered":"Ascension du Seigneur, solennit\u00e9"},"content":{"rendered":"<p><img loading=\"lazy\" decoding=\"async\" class=\"aligncenter  wp-image-20193\" src=\"https:\/\/www.associationdemarie.org\/blog\/wp-content\/uploads\/2021\/04\/unnamed.jpg\" alt=\"\" width=\"456\" height=\"300\" srcset=\"https:\/\/www.associationdemarie.org\/blog\/wp-content\/uploads\/2021\/04\/unnamed.jpg 512w, https:\/\/www.associationdemarie.org\/blog\/wp-content\/uploads\/2021\/04\/unnamed-300x197.jpg 300w\" sizes=\"auto, (max-width: 456px) 100vw, 456px\" \/><\/p>\n<p>[Sainte Catherine a entendu Dieu lui dire :] Lorsque mon Fils unique retourna vers moi, quarante jours apr\u00e8s la r\u00e9surrection, ce pont s&rsquo;\u00e9leva de terre, c&rsquo;est-\u00e0-dire de la soci\u00e9t\u00e9 des hommes, et monta au ciel par la vertu de ma nature divine pour s&rsquo;asseoir \u00e0 ma droite, \u00e0 moi, son P\u00e8re \u00e9ternel. C&rsquo;est ce que l&rsquo;ange, le jour de l&rsquo;Ascension, dit aux disciples, qui \u00e9taient comme morts parce que leurs c\u0153urs avaient quitt\u00e9 la terre pour suivre au ciel la Sagesse de mon Fils : \u00ab Ne demeurez plus l\u00e0, leur dit-il, puisqu&rsquo;il est assis d\u00e9sormais \u00e0 la droite du P\u00e8re \u00bb (Ac 1,11). (\u2026)<\/p>\n<p>Tout d&rsquo;abord, je vous ai fait un pont visible qui est mon Fils, quand je l&rsquo;envoyai vivre parmi les hommes. Puis, quand ce pont visible s&rsquo;est lev\u00e9 vers le ciel, il est rest\u00e9 parmi vous le pont et le chemin de la doctrine unie pour toujours, (\u2026) avec ma Puissance, avec la Sagesse de mon Fils et avec la Cl\u00e9mence de l&rsquo;Esprit Saint. Cette Puissance communique la vertu d&rsquo;agir \u00e0 qui suit cette voie, la Sagesse lui donne la lumi\u00e8re pour lui faire conna\u00eetre la v\u00e9rit\u00e9, et l&rsquo;Esprit Saint lui octroie l&rsquo;amour qui consume et d\u00e9truit tout amour sensuel, pour ne laisser dans l&rsquo;\u00e2me que l&rsquo;amour des vertus.<\/p>\n<p>Ainsi, de toute mani\u00e8re, par sa pr\u00e9sence visible ou par sa doctrine, il est la Voie, la V\u00e9rit\u00e9 et la Vie, et cette voie est le pont qui conduit dans les hauteurs du ciel. C&rsquo;est ce qu&rsquo;il a voulu faire entendre quand il a dit : \u00ab Je suis venu de mon P\u00e8re et je retourne \u00e0 mon P\u00e8re et je reviendrai vers vous \u00bb (cf. Jn 16,28 ; Jn 14,28), c&rsquo;est-\u00e0-dire mon P\u00e8re m&rsquo;a envoy\u00e9 vers vous et m&rsquo;a fait votre pont pour que vous puissiez franchir le fleuve et atteindre la vie.<\/p>\n<h3 class=\"GospelCommentaryAuthor-name commentary-author font-2\">Sainte Catherine de Sienne (1347-1380)<\/h3>\n<p>&nbsp;<\/p>\n<p>&nbsp;<\/p>\n","protected":false},"excerpt":{"rendered":"<p>[Sainte Catherine a entendu Dieu lui dire :] Lorsque mon Fils unique retourna vers moi, quarante jours apr\u00e8s la r\u00e9surrection, ce pont s&rsquo;\u00e9leva de terre, c&rsquo;est-\u00e0-dire de la soci\u00e9t\u00e9 des hommes, et monta au ciel par la vertu de ma nature divine pour s&rsquo;asseoir \u00e0 ma droite, \u00e0 moi, son P\u00e8re \u00e9ternel. C&rsquo;est ce que [&hellip;]<\/p>\n","protected":false},"author":2,"featured_media":0,"comment_status":"closed","ping_status":"closed","sticky":false,"template":"","format":"standard","meta":{"footnotes":""},"categories":[3,26],"tags":[110,1089],"class_list":["post-20192","post","type-post","status-publish","format-standard","hentry","category-liturgique","category-priere-des-ames","tag-ascension","tag-ste-catherine-de-sienne"],"_links":{"self":[{"href":"https:\/\/www.associationdemarie.org\/blog\/wp-json\/wp\/v2\/posts\/20192","targetHints":{"allow":["GET"]}}],"collection":[{"href":"https:\/\/www.associationdemarie.org\/blog\/wp-json\/wp\/v2\/posts"}],"about":[{"href":"https:\/\/www.associationdemarie.org\/blog\/wp-json\/wp\/v2\/types\/post"}],"author":[{"embeddable":true,"href":"https:\/\/www.associationdemarie.org\/blog\/wp-json\/wp\/v2\/users\/2"}],"replies":[{"embeddable":true,"href":"https:\/\/www.associationdemarie.org\/blog\/wp-json\/wp\/v2\/comments?post=20192"}],"version-history":[{"count":2,"href":"https:\/\/www.associationdemarie.org\/blog\/wp-json\/wp\/v2\/posts\/20192\/revisions"}],"predecessor-version":[{"id":20195,"href":"https:\/\/www.associationdemarie.org\/blog\/wp-json\/wp\/v2\/posts\/20192\/revisions\/20195"}],"wp:attachment":[{"href":"https:\/\/www.associationdemarie.org\/blog\/wp-json\/wp\/v2\/media?parent=20192"}],"wp:term":[{"taxonomy":"category","embeddable":true,"href":"https:\/\/www.associationdemarie.org\/blog\/wp-json\/wp\/v2\/categories?post=20192"},{"taxonomy":"post_tag","embeddable":true,"href":"https:\/\/www.associationdemarie.org\/blog\/wp-json\/wp\/v2\/tags?post=20192"}],"curies":[{"name":"wp","href":"https:\/\/api.w.org\/{rel}","templated":true}]}}